{"id":7264,"date":"2019-12-18T03:04:02","date_gmt":"2019-12-18T07:04:02","guid":{"rendered":"http:\/\/www.notaoficial.com\/s\/?p=7264"},"modified":"2019-12-18T02:08:35","modified_gmt":"2019-12-18T06:08:35","slug":"seguros-venezuela-promovio-habitos-alimenticios-saludables-a-ninos-de-preescolar","status":"publish","type":"post","link":"https:\/\/www.notaoficial.com\/s\/2019\/12\/18\/seguros-venezuela-promovio-habitos-alimenticios-saludables-a-ninos-de-preescolar\/","title":{"rendered":"Seguros Venezuela promovi\u00f3 h\u00e1bitos alimenticios saludables a ni\u00f1os de preescolar"},"content":{"rendered":"<p>Para promover h\u00e1bitos alimenticios saludables y establecer un contacto directo con la comunidad, el voluntariado corporativo de la <strong>Fundaci\u00f3n Seguros Venezuela <\/strong>comparti\u00f3 un desayuno con los ni\u00f1os del preescolar de la <strong>Unidad Educativa Sagrado Coraz\u00f3n de Jes\u00fas, <\/strong>ubicada en el municipio Chacao, en el marco del <strong>D\u00eda de la Alimentaci\u00f3n.<\/strong><\/p>\n<p>La coordinadora de Educaci\u00f3n Inicial, <strong>Ninoska Machado<\/strong>, se\u00f1al\u00f3 que a los infantes tambi\u00e9n se les dictaron charlas sobre <strong>la importancia de comer de forma balanceada y saludable<\/strong>. \u201cA los ni\u00f1os les encant\u00f3 el compartir, se emocionaron mucho, e incluso algunos pensaban que era una fiesta\u201d.<\/p>\n<p>Precis\u00f3 que en la actividad participaron 54 de los 75 ni\u00f1os en edad preescolar que acuden a esa instituci\u00f3n. \u201cEstamos muy agradecidos de que Seguros Venezuela nos tome en cuenta para hacer estas actividades\u201d, asever\u00f3.<\/p>\n<p>En nuestro pa\u00eds el <strong>D\u00eda de la Alimentaci\u00f3n <\/strong>se celebra cada 18 de noviembre para conmemorar la creaci\u00f3n en 1949 del <strong>Instituto Nacional de Nutrici\u00f3n<\/strong>. Tradicionalmente en las escuelas se toma la semana alrededor de esta fecha para <strong>promover los buenos h\u00e1bitos alimenticios.<\/strong><\/p>\n<p><strong>Tres a\u00f1os de labor<\/strong><\/p>\n<p>Marisol Pern\u00eda, miembro del voluntariado de la Fundaci\u00f3n <strong>Seguros Venezuela<\/strong>, resalt\u00f3 que la charla con los ni\u00f1os se centr\u00f3 sobre la necesidad de una alimentaci\u00f3n balanceada. \u201cSe hizo hincapi\u00e9 en la necesidad de que consuman todos los nutrientes, sobre todo porque los ni\u00f1os peque\u00f1os son reacios a comer ciertos alimentos como los vegetales\u201d, acot\u00f3.<\/p>\n<p>Se\u00f1al\u00f3 que \u201ceste es el tercer a\u00f1o que se realiza esta actividad.\u00a0 En esta ocasi\u00f3n participaron cerca de 20 personas de nuestro voluntariado, quienes aportaron frutas y alimentos para llevar a los ni\u00f1os. Esta es una escuela parroquial que atiende a ni\u00f1os de sectores populares de Chacao, y se encuentra cerca a la sede principal de la empresa. Tratamos de llegar a las comunidades cercanas menos favorecidas, porque son parte de nuestro grupo de inter\u00e9s\u201d, manifest\u00f3.<\/p>\n<p><strong>Una forma de retribuci\u00f3n<\/strong><\/p>\n<p>Pern\u00eda destac\u00f3 que ha sido una de las actividades de <strong>responsabilidad social<\/strong> con mayor participaci\u00f3n y que ha movilizado fuera de la empresa al voluntariado. \u201cEs nuestra forma de retribuir la confianza de la comunidad, de contribuir a la calidad de vida de las personas, as\u00ed como a concientizar a nuestros colaboradores en la importancia de la labor social, promover el trabajo en equipo y la solidaridad. Fue una jornada muy amena, en la cual contamos con el invaluable apoyo de las voluntarias Amaury M\u00e9ndez, Blondina Rodr\u00edguez y Yaneth Angulo, entre otras\u201d, apunt\u00f3.<\/p>\n<p>\u201cEsta actividad con los ni\u00f1os es la que tiene mayor receptividad de parte de nuestros voluntarios, y en este momento, ese contacto y afecto son importantes, porque muchos infantes se han quedado con los abuelos y otros familiares debido a la migraci\u00f3n de sus padres, y tienen carencias de cari\u00f1o y atenci\u00f3n\u201d, destac\u00f3.<\/p>\n","protected":false},"excerpt":{"rendered":"<p>Para promover h\u00e1bitos alimenticios saludables y establecer un contacto directo con la comunidad, el voluntariado corporativo de la Fundaci\u00f3n Seguros Venezuela comparti\u00f3 un desayuno con los ni\u00f1os del preescolar de la Unidad Educativa Sagrado Coraz\u00f3n de Jes\u00fas, ubicada en el municipio Chacao, en el marco del D\u00eda de la Alimentaci\u00f3n. La coordinadora de Educaci\u00f3n Inicial, [&hellip;]<\/p>\n","protected":false},"author":2,"featured_media":7265,"comment_status":"closed","ping_status":"open","sticky":false,"template":"","format":"standard","meta":[],"categories":[93,6887,2],"tags":[6459],"wppr_data":[],"_links":{"self":[{"href":"https:\/\/www.notaoficial.com\/s\/wp-json\/wp\/v2\/posts\/7264"}],"collection":[{"href":"https:\/\/www.notaoficial.com\/s\/wp-json\/wp\/v2\/posts"}],"about":[{"href":"https:\/\/www.notaoficial.com\/s\/wp-json\/wp\/v2\/types\/post"}],"author":[{"embeddable":true,"href":"https:\/\/www.notaoficial.com\/s\/wp-json\/wp\/v2\/users\/2"}],"replies":[{"embeddable":true,"href":"https:\/\/www.notaoficial.com\/s\/wp-json\/wp\/v2\/comments?post=7264"}],"version-history":[{"count":1,"href":"https:\/\/www.notaoficial.com\/s\/wp-json\/wp\/v2\/posts\/7264\/revisions"}],"predecessor-version":[{"id":7266,"href":"https:\/\/www.notaoficial.com\/s\/wp-json\/wp\/v2\/posts\/7264\/revisions\/7266"}],"wp:featuredmedia":[{"embeddable":true,"href":"https:\/\/www.notaoficial.com\/s\/wp-json\/wp\/v2\/media\/7265"}],"wp:attachment":[{"href":"https:\/\/www.notaoficial.com\/s\/wp-json\/wp\/v2\/media?parent=7264"}],"wp:term":[{"taxonomy":"category","embeddable":true,"href":"https:\/\/www.notaoficial.com\/s\/wp-json\/wp\/v2\/categories?post=7264"},{"taxonomy":"post_tag","embeddable":true,"href":"https:\/\/www.notaoficial.com\/s\/wp-json\/wp\/v2\/tags?post=7264"}],"curies":[{"name":"wp","href":"https:\/\/api.w.org\/{rel}","templated":true}]}}