{"id":7267,"date":"2019-12-18T04:08:52","date_gmt":"2019-12-18T08:08:52","guid":{"rendered":"http:\/\/www.notaoficial.com\/s\/?p=7267"},"modified":"2019-12-18T02:12:17","modified_gmt":"2019-12-18T06:12:17","slug":"turismo-maso-inaugura-franquicia-a-6-colores","status":"publish","type":"post","link":"https:\/\/www.notaoficial.com\/s\/2019\/12\/18\/turismo-maso-inaugura-franquicia-a-6-colores\/","title":{"rendered":"Turismo Maso inaugura franquicia a 6 colores"},"content":{"rendered":"<p>En un evento donde el protagonista fue el color, se inaugur\u00f3 Turismo Maso 4 All, ubicada en Los Palos Grandes, para brindar a los viajeros m\u00e1s ocasiones especiales, m\u00e1s oportunidades y m\u00e1s orgullo para que vivan la experiencia de viajar a 6 colores con un turismo de inclusi\u00f3n para todos.<\/p>\n<p>Esta es la segunda franquicia de Turismo Maso en Venezuela y la primera con un enfoque tem\u00e1tico dirigido al mercado LGBT nacional e internacional, ofreciendo productos y servicios que abarcan la mejor selecci\u00f3n de destinos tur\u00edsticos, paquetes y servicios, cruceros, alojamientos en hoteles y resorts exclusivos que se enfocan en resaltar los puntos de encuentro de esta clientela.<\/p>\n<p>Esteban Torbar, presidente de Turismo Maso catalog\u00f3 la nueva sucursal bajo un concepto innovador, debido a que la misma presenta un enfoque m\u00e1s \u00edntimo, especialmente dise\u00f1ado para romper con los esquemas tradicionales de una agencia de viaje, brindando seguridad, confort y una experiencia personalizada para el viajero.<\/p>\n<p>Por su parte, el Director General de la franquicia 4 All precis\u00f3 \u201cviajar es sin\u00f3nimo de nuevas experiencias que te inspiran a vivir, so\u00f1ar y recordar para crear conexiones que siempre te llevar\u00e1n a un pr\u00f3ximo destino, y esa opci\u00f3n la tienes junto a nosotros\u201d.<\/p>\n<p>La empresa entiende que la diversidad forma parte de la vida con sus colores, ritmos, cultura, arte, gastronom\u00eda y mucho m\u00e1s, por eso, apuesta a seguir impulsando la industria de turismo con nuevas posibilidades donde cada cliente es \u00fanico e importante.<\/p>\n<p>Para m\u00e1s informaci\u00f3n sobre turismo, viajes y experiencias ingrese a <a href=\"http:\/\/www.grupomaso.com\/\">www.grupomaso.com<\/a> o <a href=\"http:\/\/www.blog.turismomaso.com\/\">www.blog.turismomaso.com<\/a>, tambi\u00e9n puede consultar las redes sociales de la empresa: @turismomaso en Instagram, @Turismo_Maso en Twitter, Turismo Maso Internacional en Facebook y en LinkedIn Grupo Maso.<\/p>\n","protected":false},"excerpt":{"rendered":"<p>En un evento donde el protagonista fue el color, se inaugur\u00f3 Turismo Maso 4 All, ubicada en Los Palos Grandes, para brindar a los viajeros m\u00e1s ocasiones especiales, m\u00e1s oportunidades y m\u00e1s orgullo para que vivan la experiencia de viajar a 6 colores con un turismo de inclusi\u00f3n para todos. Esta es la segunda franquicia [&hellip;]<\/p>\n","protected":false},"author":2,"featured_media":7268,"comment_status":"closed","ping_status":"open","sticky":false,"template":"","format":"standard","meta":[],"categories":[93,8170,2],"tags":[8279,8280,8171],"wppr_data":[],"_links":{"self":[{"href":"https:\/\/www.notaoficial.com\/s\/wp-json\/wp\/v2\/posts\/7267"}],"collection":[{"href":"https:\/\/www.notaoficial.com\/s\/wp-json\/wp\/v2\/posts"}],"about":[{"href":"https:\/\/www.notaoficial.com\/s\/wp-json\/wp\/v2\/types\/post"}],"author":[{"embeddable":true,"href":"https:\/\/www.notaoficial.com\/s\/wp-json\/wp\/v2\/users\/2"}],"replies":[{"embeddable":true,"href":"https:\/\/www.notaoficial.com\/s\/wp-json\/wp\/v2\/comments?post=7267"}],"version-history":[{"count":1,"href":"https:\/\/www.notaoficial.com\/s\/wp-json\/wp\/v2\/posts\/7267\/revisions"}],"predecessor-version":[{"id":7269,"href":"https:\/\/www.notaoficial.com\/s\/wp-json\/wp\/v2\/posts\/7267\/revisions\/7269"}],"wp:featuredmedia":[{"embeddable":true,"href":"https:\/\/www.notaoficial.com\/s\/wp-json\/wp\/v2\/media\/7268"}],"wp:attachment":[{"href":"https:\/\/www.notaoficial.com\/s\/wp-json\/wp\/v2\/media?parent=7267"}],"wp:term":[{"taxonomy":"category","embeddable":true,"href":"https:\/\/www.notaoficial.com\/s\/wp-json\/wp\/v2\/categories?post=7267"},{"taxonomy":"post_tag","embeddable":true,"href":"https:\/\/www.notaoficial.com\/s\/wp-json\/wp\/v2\/tags?post=7267"}],"curies":[{"name":"wp","href":"https:\/\/api.w.org\/{rel}","templated":true}]}}