{"id":7273,"date":"2019-12-18T06:16:48","date_gmt":"2019-12-18T10:16:48","guid":{"rendered":"http:\/\/www.notaoficial.com\/s\/?p=7273"},"modified":"2019-12-18T02:19:52","modified_gmt":"2019-12-18T06:19:52","slug":"mediateca-presenta-joyeux-noel","status":"publish","type":"post","link":"https:\/\/www.notaoficial.com\/s\/2019\/12\/18\/mediateca-presenta-joyeux-noel\/","title":{"rendered":"Mediateca presenta \u00abJoyeux No\u00ebl\u00bb"},"content":{"rendered":"<p>Con la proyecci\u00f3n de la <strong>pel\u00edcula \u00abJoyeux No\u00ebl\u00bb (2005),<\/strong> se cierra \u00e9ste s\u00e1bado 7 de diciembre el ciclo de actividades culturales del a\u00f1o 2019 en la <strong>Mediateca de la Alianza Francesa<\/strong>, ubicada en\u00a0 el <strong>Centro Solano de Chaca\u00edto.<\/strong><\/p>\n<p>La <strong>pel\u00edcula francesa<\/strong> inspirada en hechos reales de la \u00a0<strong>Nochebuena<\/strong> del a\u00f1o 1914 se transmitir\u00e1 a las 10:30am, y aunque es de entrada libre se deben hacer las reservaciones enviando mensaje al correo\u00a0 <a href=\"mailto:af.mediateca@afvenezuela.org\">af.mediateca@afvenezuela.org<\/a>, pues los cupos son limitados.<\/p>\n<p>El films dirigido por <strong>Christian Carion<\/strong>\u00a0 aborda un mensaje de paz en medio de espacios de combate de la <strong>Primera Guerra Mundial<\/strong>, justo en tiempos caracterizados por la violaci\u00f3n de los derechos humanos.<\/p>\n<p>Una invitaci\u00f3n que pone de manifiesto c\u00f3mo\u00a0 los grandes ideales patri\u00f3ticos pueden diluirse ante el horror de la guerra y c\u00f3mo puede la esperanza hacer que resurja una nueva humanidad.<\/p>\n","protected":false},"excerpt":{"rendered":"<p>Con la proyecci\u00f3n de la pel\u00edcula \u00abJoyeux No\u00ebl\u00bb (2005), se cierra \u00e9ste s\u00e1bado 7 de diciembre el ciclo de actividades culturales del a\u00f1o 2019 en la Mediateca de la Alianza Francesa, ubicada en\u00a0 el Centro Solano de Chaca\u00edto. La pel\u00edcula francesa inspirada en hechos reales de la \u00a0Nochebuena del a\u00f1o 1914 se transmitir\u00e1 a las [&hellip;]<\/p>\n","protected":false},"author":2,"featured_media":7274,"comment_status":"closed","ping_status":"open","sticky":false,"template":"","format":"standard","meta":[],"categories":[463,2],"tags":[8281,8282,2138],"wppr_data":[],"_links":{"self":[{"href":"https:\/\/www.notaoficial.com\/s\/wp-json\/wp\/v2\/posts\/7273"}],"collection":[{"href":"https:\/\/www.notaoficial.com\/s\/wp-json\/wp\/v2\/posts"}],"about":[{"href":"https:\/\/www.notaoficial.com\/s\/wp-json\/wp\/v2\/types\/post"}],"author":[{"embeddable":true,"href":"https:\/\/www.notaoficial.com\/s\/wp-json\/wp\/v2\/users\/2"}],"replies":[{"embeddable":true,"href":"https:\/\/www.notaoficial.com\/s\/wp-json\/wp\/v2\/comments?post=7273"}],"version-history":[{"count":1,"href":"https:\/\/www.notaoficial.com\/s\/wp-json\/wp\/v2\/posts\/7273\/revisions"}],"predecessor-version":[{"id":7275,"href":"https:\/\/www.notaoficial.com\/s\/wp-json\/wp\/v2\/posts\/7273\/revisions\/7275"}],"wp:featuredmedia":[{"embeddable":true,"href":"https:\/\/www.notaoficial.com\/s\/wp-json\/wp\/v2\/media\/7274"}],"wp:attachment":[{"href":"https:\/\/www.notaoficial.com\/s\/wp-json\/wp\/v2\/media?parent=7273"}],"wp:term":[{"taxonomy":"category","embeddable":true,"href":"https:\/\/www.notaoficial.com\/s\/wp-json\/wp\/v2\/categories?post=7273"},{"taxonomy":"post_tag","embeddable":true,"href":"https:\/\/www.notaoficial.com\/s\/wp-json\/wp\/v2\/tags?post=7273"}],"curies":[{"name":"wp","href":"https:\/\/api.w.org\/{rel}","templated":true}]}}