{"id":7308,"date":"2019-12-24T04:21:18","date_gmt":"2019-12-24T08:21:18","guid":{"rendered":"http:\/\/www.notaoficial.com\/s\/?p=7308"},"modified":"2019-12-24T00:29:06","modified_gmt":"2019-12-24T04:29:06","slug":"la-pintura-realista-de-carlos-bruscianelli-llega-a-connecticut-y-a-nueva-york","status":"publish","type":"post","link":"https:\/\/www.notaoficial.com\/s\/2019\/12\/24\/la-pintura-realista-de-carlos-bruscianelli-llega-a-connecticut-y-a-nueva-york\/","title":{"rendered":"La pintura realista de Carlos Bruscianelli  llega a Connecticut y a Nueva York"},"content":{"rendered":"<p>La obra del artista venezolano Carlos Bruscianelli es parte de la selecci\u00f3n art\u00edstica en la exposici\u00f3n colectiva <em>Contemporary Realism<\/em> (<em>Realismo Contempor\u00e1neo<\/em>), que estar\u00e1 exhibiendo Cavalier Galleries hasta el 31 de diciembre de 2019 en su sede de Greenwich, CT, y posteriormente en su sede de Nueva York, del 16 de enero al 19 de febrero de 2020, con una selecci\u00f3n de pinturas de artistas estadounidenses e internacionales que resaltan la representaci\u00f3n realista de objetos, personas y situaciones cotidianas, entre los que destacan importantes creadores de la talla de\u00a0 Daniel Greene, Sarah Lamb, Joel Carson Jones, Jenness Cortez, Edward Minoff, Douglas Wiltraut,\u00a0 Robert Zappalorti y Gregory Mortenson, entre otros.<\/p>\n<p>En la muestra, Carlos Bruscianelli hace gala de su propuesta inspirada en el realismo contempor\u00e1neo, influenciada por el realismo cl\u00e1sico y el hiperrealismo. En sus pinturas son habituales elementos que pasan inadvertidos, como canicas, un trozo de papel Kraft, copas de cristal, un cubo Rubik, piezas de madera o metal aparentemente insignificantes, pero crom\u00e1ticamente interesantes y con texturas org\u00e1nicas o creadas por el ser humano, que suponen un reto ser representadas con exactitud para cualquier pintor, seg\u00fan afirma este creador que se encuentra en el mejor momento de su carrera como artista realista.<\/p>\n<p>\u201cActualmente mi obra se centra en los elementos protagonistas de la composici\u00f3n, acompa\u00f1ada de fondos neutros, con el objetivo de que el espectador fije su mirada en estas piezas. Mi meta como la de todo pintor del genero realista, es seguir en el largo camino de la perfecci\u00f3n t\u00e9cnica\u201d.<\/p>\n<p>Nacido en Caracas en 1980, Carlos Bruscianelli inici\u00f3 su formaci\u00f3n art\u00edstica en el Museo Tessari Rizzo en 2004 y la culmin\u00f3 en 2011, per\u00edodo durante el cual particip\u00f3 en el sal\u00f3n anual en m\u00faltiples oportunidades, obteniendo dos menciones honorificas. Simult\u00e1neamente particip\u00f3 en el sal\u00f3n anual de Faber Castell, siendo finalista en cuatro oportunidades consecutivas y obteniendo dos menciones honorificas, tambi\u00e9n en el Sal\u00f3n Juan Lovera Carlos Bruscianelli logra ser finalista en el a\u00f1o 2012.<\/p>\n<p>Ha exhibido su obra en diversas exposiciones en Venezuela, Costa Rica, Estados Unidos, Espa\u00f1a, entre otros pa\u00edses, adem\u00e1s en el a\u00f1o 2015 particip\u00f3 en el \u00abArt Revolution Taipei\u00bb representando a Venezuela, y en los a\u00f1os 2016 y 2017 fue finalista en la categor\u00eda \u00abStill Life\u00bb del prestigioso sal\u00f3n organizado por el Art Renewal Center (ARC), uno de los salones de pintura realista m\u00e1s importantes de la actualidad.<\/p>\n<p>Recientemente Carlos Bruscianelli presento su obra en la exposici\u00f3n colectiva \u201c20 a\u00f1os en 20&#215;20, en el Museo Europeo de Arte Moderno (MEAM) Organizada por Galer\u00eda Artelibre, junto a artistas como Richard Estes y Don Eddy, \u00a0fundadores del realismo americano, adem\u00e1s de participar en Art Wynwood 2019, The Other Art Fair Brookling 2019 y En el Art Miami 2019.<\/p>\n<p>La obra de Carlos Bruscianelli se estar\u00e1 exhibiendo en la exposici\u00f3n colectiva<em> Contemporary Realism <\/em>hasta el 31 de diciembre de 2019 en Cavalier Ebanks Galleries (405 Greenwich Avenue, Greenwich, CT), y del 16 de enero al 19 de febrero de 2020 en Cavalier Gallery (3 West 57th Street, Nueva York, NY), Estados Unidos.<\/p>\n<p>Asimismo, Bruscianelli participar\u00e1 pr\u00f3ximamente en las ferias de arte\u00a0\u00abPalm Beach Modern\u00a0+ contemporary 2020\u00bb y \u00abThe Other Art Fair Brooklyn 2020\u00bb.<\/p>\n","protected":false},"excerpt":{"rendered":"<p>La obra del artista venezolano Carlos Bruscianelli es parte de la selecci\u00f3n art\u00edstica en la exposici\u00f3n colectiva Contemporary Realism (Realismo Contempor\u00e1neo), que estar\u00e1 exhibiendo Cavalier Galleries hasta el 31 de diciembre de 2019 en su sede de Greenwich, CT, y posteriormente en su sede de Nueva York, del 16 de enero al 19 de febrero [&hellip;]<\/p>\n","protected":false},"author":2,"featured_media":7317,"comment_status":"closed","ping_status":"open","sticky":false,"template":"","format":"standard","meta":[],"categories":[146],"tags":[8312,8314,8319,8318,8321,8317,8316,8313,8320,8315],"wppr_data":[],"_links":{"self":[{"href":"https:\/\/www.notaoficial.com\/s\/wp-json\/wp\/v2\/posts\/7308"}],"collection":[{"href":"https:\/\/www.notaoficial.com\/s\/wp-json\/wp\/v2\/posts"}],"about":[{"href":"https:\/\/www.notaoficial.com\/s\/wp-json\/wp\/v2\/types\/post"}],"author":[{"embeddable":true,"href":"https:\/\/www.notaoficial.com\/s\/wp-json\/wp\/v2\/users\/2"}],"replies":[{"embeddable":true,"href":"https:\/\/www.notaoficial.com\/s\/wp-json\/wp\/v2\/comments?post=7308"}],"version-history":[{"count":1,"href":"https:\/\/www.notaoficial.com\/s\/wp-json\/wp\/v2\/posts\/7308\/revisions"}],"predecessor-version":[{"id":7319,"href":"https:\/\/www.notaoficial.com\/s\/wp-json\/wp\/v2\/posts\/7308\/revisions\/7319"}],"wp:featuredmedia":[{"embeddable":true,"href":"https:\/\/www.notaoficial.com\/s\/wp-json\/wp\/v2\/media\/7317"}],"wp:attachment":[{"href":"https:\/\/www.notaoficial.com\/s\/wp-json\/wp\/v2\/media?parent=7308"}],"wp:term":[{"taxonomy":"category","embeddable":true,"href":"https:\/\/www.notaoficial.com\/s\/wp-json\/wp\/v2\/categories?post=7308"},{"taxonomy":"post_tag","embeddable":true,"href":"https:\/\/www.notaoficial.com\/s\/wp-json\/wp\/v2\/tags?post=7308"}],"curies":[{"name":"wp","href":"https:\/\/api.w.org\/{rel}","templated":true}]}}