{"id":7309,"date":"2019-12-24T05:21:19","date_gmt":"2019-12-24T09:21:19","guid":{"rendered":"http:\/\/www.notaoficial.com\/s\/?p=7309"},"modified":"2019-12-24T00:31:02","modified_gmt":"2019-12-24T04:31:02","slug":"coposa-encendio-la-navidad","status":"publish","type":"post","link":"https:\/\/www.notaoficial.com\/s\/2019\/12\/24\/coposa-encendio-la-navidad\/","title":{"rendered":"Coposa encendio la navidad"},"content":{"rendered":"<p>Como todos los a\u00f1os durante esta \u00e9poca, el pasado fin de semana, \u00a0Coposa dio inicio a la Navidad, con el Encendido de la Estrella, actividad que ya se ha convertido en un ritual en la empresa, a lo largo de estos 45 a\u00f1os de existencia en el pa\u00eds.<\/p>\n<p>Teniendo como escenario un hermoso atardecer, m\u00e1s de 400 personas, entre familiares y trabajadores, disfrutaron de esta actividad con la presencia de Santa y el Soldado de Plomo, personajes que remarcaron el toque navide\u00f1o, alegrando a todos los presentes; sobre todo, la ilusi\u00f3n de los m\u00e1s peque\u00f1os.<\/p>\n<p>En cuenta regresiva guiada por el Lic. Jos\u00e9 Avil\u00e9s, director de Gesti\u00f3n Humana, los asistentes avivaron su emoci\u00f3n al ver la estrella encendida, como s\u00edmbolo de que la Navidad lleg\u00f3 a la organizaci\u00f3n.<\/p>\n<p>No falt\u00f3 la merienda y el refrigerio para los asistentes, adem\u00e1s de grandes sorpresas como rifas para grandes y chicos.<\/p>\n<p>Entre los premiados, los colaboradores\u00a0 Marisol Rodr\u00edguez, del \u00e1rea de Laboratorio; Julio Guti\u00e9rrez, de Equipos M\u00f3viles y Leonard Le\u00f3n, de F\u00e1brica de Botellas, felices ganadores de una cesta navide\u00f1a, cada uno.<\/p>\n<p>Y as\u00ed, entre risas, armon\u00eda y mucha alegr\u00eda, transcurri\u00f3 este \u00a0agradable y esperado momento que Coposa celebra a\u00f1o tras a\u00f1o, como una forma de acentuar la \u00e9poca navide\u00f1a, tiempo de dar y recibir, de compartir y, sobre todo, \u00a0de \u00a0agradecimiento.<\/p>\n<p>La Estrella, ubicada estrat\u00e9gicamente en las instalaciones de la organizaci\u00f3n, \u00a0permanecer\u00e1 encendida hasta el 10\/01\/2020<\/p>\n<p>Luego, la cita ser\u00e1 \u00a0para el a\u00f1o pr\u00f3ximo cuando nuevamente, todo el equipo Coposa y sus familiares se reunir\u00e1n alrededor de este rito, para seguir fortaleciendo lazos y sentimientos de compa\u00f1erismo y amistad.<\/p>\n","protected":false},"excerpt":{"rendered":"<p>Como todos los a\u00f1os durante esta \u00e9poca, el pasado fin de semana, \u00a0Coposa dio inicio a la Navidad, con el Encendido de la Estrella, actividad que ya se ha convertido en un ritual en la empresa, a lo largo de estos 45 a\u00f1os de existencia en el pa\u00eds. Teniendo como escenario un hermoso atardecer, m\u00e1s [&hellip;]<\/p>\n","protected":false},"author":2,"featured_media":7320,"comment_status":"closed","ping_status":"open","sticky":false,"template":"","format":"standard","meta":[],"categories":[1372,93,2],"tags":[8322,5780],"wppr_data":[],"_links":{"self":[{"href":"https:\/\/www.notaoficial.com\/s\/wp-json\/wp\/v2\/posts\/7309"}],"collection":[{"href":"https:\/\/www.notaoficial.com\/s\/wp-json\/wp\/v2\/posts"}],"about":[{"href":"https:\/\/www.notaoficial.com\/s\/wp-json\/wp\/v2\/types\/post"}],"author":[{"embeddable":true,"href":"https:\/\/www.notaoficial.com\/s\/wp-json\/wp\/v2\/users\/2"}],"replies":[{"embeddable":true,"href":"https:\/\/www.notaoficial.com\/s\/wp-json\/wp\/v2\/comments?post=7309"}],"version-history":[{"count":1,"href":"https:\/\/www.notaoficial.com\/s\/wp-json\/wp\/v2\/posts\/7309\/revisions"}],"predecessor-version":[{"id":7321,"href":"https:\/\/www.notaoficial.com\/s\/wp-json\/wp\/v2\/posts\/7309\/revisions\/7321"}],"wp:featuredmedia":[{"embeddable":true,"href":"https:\/\/www.notaoficial.com\/s\/wp-json\/wp\/v2\/media\/7320"}],"wp:attachment":[{"href":"https:\/\/www.notaoficial.com\/s\/wp-json\/wp\/v2\/media?parent=7309"}],"wp:term":[{"taxonomy":"category","embeddable":true,"href":"https:\/\/www.notaoficial.com\/s\/wp-json\/wp\/v2\/categories?post=7309"},{"taxonomy":"post_tag","embeddable":true,"href":"https:\/\/www.notaoficial.com\/s\/wp-json\/wp\/v2\/tags?post=7309"}],"curies":[{"name":"wp","href":"https:\/\/api.w.org\/{rel}","templated":true}]}}