{"id":7367,"date":"2020-01-03T07:02:43","date_gmt":"2020-01-03T11:02:43","guid":{"rendered":"http:\/\/www.notaoficial.com\/s\/?p=7367"},"modified":"2020-01-03T01:16:18","modified_gmt":"2020-01-03T05:16:18","slug":"premiadas-propuestas-de-la-2da-fase-del-proyecto-ccscity450-comunidades","status":"publish","type":"post","link":"https:\/\/www.notaoficial.com\/s\/2020\/01\/03\/premiadas-propuestas-de-la-2da-fase-del-proyecto-ccscity450-comunidades\/","title":{"rendered":"Premiadas propuestas de la 2da fase  del proyecto CCScity450 comunidades"},"content":{"rendered":"<p>La propuesta <strong>\u201cLa Lucha 1958-Cat\u00e1logo de propuestas para un relato urbano en progreso\u201d<\/strong>, del equipo Ciudad Reactiva, result\u00f3 ganadora del <strong>Primer Premio<\/strong> en la Convocatoria de la segunda y \u00faltma fase del proyecto <strong>CCScity450 Comunidades<\/strong>, que lleva adelante la Fundaci\u00f3n Espacio con el apoyo de la Universidad Central de Venezuela y la Universidad Sim\u00f3n Bol\u00edvar, para el desarrollo de propuestas de mejoramiento o transformaci\u00f3n de espacios p\u00fablicos en diez sectores populares de Caracas.<\/p>\n<p>Dise\u00f1ado para buscar soluciones a problem\u00e1ticas existentes en cada uno de esos sectores con la participaci\u00f3n activa de sus comunidades y grupos de profesionales de diferentes disciplinas, el proyecto <strong>CCScity450 Comunidades<\/strong> toma en cuenta cuatro aspectos fundamentales como son, el manejo ecol\u00f3gico e impacto ambiental, formas de productividad y crecimiento econ\u00f3mico, desarrollo social y calidad de vida, y gesti\u00f3n institucional y organizaci\u00f3n comunitaria.<\/p>\n<p>En esta segunda fase del proyecto fueron presentados un total de 18 trabajos para los sectores <strong>Los Erasos,<\/strong> <strong>La Lucha, El Calvario, Las Mayas <\/strong>y <strong>Las Vega<\/strong>, los cuales fueron evaluados por un jurado integrado por los profesores Iris Rosas de la Facultad de Arquitectura y Urbanismo de la Universidad Central de Venezuela, Silvia Soonets de la Universidad Sim\u00f3n Bol\u00edvar, Jos\u00e9 Miguel Divasson de la Universidad Cat\u00f3lica Andr\u00e9s Bello, Joaqu\u00edn Ben\u00edtez de la Universidad Cat\u00f3lica Andr\u00e9s Bello, Mar\u00eda Isabel Pe\u00f1a de la Facultad de Arquitectura y Urbanismo de la Universidad Central de Venezuela y Fundaci\u00f3n Espacio, y Franco Micucci de la Universidad Sim\u00f3n Bol\u00edvar y Fundaci\u00f3n Espacio.<\/p>\n<p>El trabajo ganador del <strong>Primer Premio<\/strong>, <strong>\u201cLa Lucha 1958-Cat\u00e1logo de propuestas para un relato urbano en progreso\u201d<\/strong>, fue concebido para el sector La Lucha por el equipo <strong>Ciudad Reactiva<\/strong>, integrado por los arquitectos Ricardo Sanz, Alba Izaguirre, Marx Avenda\u00f1o, Elo\u00edsa Blanco y la soci\u00f3logo Teresa Sosa, y fue premiado\u00a0 por\u00a0 sus\u00a0 virtudes\u00a0 en\u00a0 t\u00e9rminos\u00a0 de\u00a0 dise\u00f1o\u00a0 para\u00a0 la producci\u00f3n y\/o fabricaci\u00f3n de cubiertas, elementos de mobiliario urbano, arte y paisajismo, a partir del reconocimiento\u00a0 de\u00a0 los\u00a0 talentos\u00a0 espec\u00edficos\u00a0 de\u00a0 la\u00a0 comunidad.<\/p>\n<p>El <strong>Segundo Premio<\/strong> lo obtuvo el proyecto <strong>\u201c<\/strong><strong>Secuencia Creativa\u201d<\/strong> para el sector El Calvario, del equipo <strong>Plano Creativo<\/strong>, conformado por los comunicadores sociales Eva Mujica y Eduardo Burger, la psic\u00f3loga Ariadni Gonz\u00e1lez, y el dise\u00f1ador gr\u00e1fico Michael Zerpa. Este proyecto se centra en un programa de formaci\u00f3n de j\u00f3venes para la producci\u00f3n de contenidos de car\u00e1cter audiovisual a trav\u00e9s de talleres que buscan\u00a0 incentivar el inter\u00e9s en el cine y actividades vinculadas.<\/p>\n<p>El <strong>Tercer Premio<\/strong> fue otorgado a la propuesta <strong>\u201cLaboratorio Experimental Tecnol\u00f3gico\u201d<\/strong> para el sector Los Erasos, del equipo <strong>Genus<\/strong>, de los arquitectos Rodrigo Mar\u00edn, Madelaine Mendoza, Argenis Su\u00e1rez y Airan Cadavid, el estudiante Carlos Arellano, y el mec\u00e1nico y estudiante Rodrigo M\u00e9ndez. Esta propuesta se aproxima al principal problema del sector vinculado con la\u00a0 presencia excesiva y acumulaci\u00f3n de residuos s\u00f3lidos, a partir del aprovechamiento de los componentes pl\u00e1sticos que pueden ser\u00a0 triturados\u00a0 y\u00a0 empleados\u00a0 en\u00a0 la\u00a0 producci\u00f3n\u00a0 de\u00a0 objetos\u00a0 dom\u00e9sticos.<\/p>\n<p>Asimismo fueron otrogadas <strong>Menciones Honor\u00edficas<\/strong> a las propuestas <strong>\u201cBajale2\u201d<\/strong> del equipo Microeskala, y <strong>\u201cLa Lucha por un H\u00e1bitat Sano\u201d<\/strong> del equipo Bumeran, ambas para el sector La Lucha; <strong>\u201cDesarrollo Comunitario Social y Calidad de Vida \/ Intervenci\u00f3n Menor Cantina\u201d<\/strong> del equipo CityAR, para La Mayas; <strong>\u201c\u00a1Que llueva, que llueva!\u201d <\/strong>del equipo Aguacero y <strong>\u201cTrazando Identidad\u201d<\/strong> del equipo Trazando Espacios, para la comunidad de El Calvario; y \u201c<strong>Place Ground\u201d<\/strong> del equipo Black Meca, para La Vega<\/p>\n<p>Para el desarrollo e implementaci\u00f3n de las propuestas ganadoras se realizar\u00e1n actividades de reconocimiento y activaci\u00f3n del espacio p\u00fablico, seguidas de la formulaci\u00f3n de posibles soluciones a problem\u00e1ticas presentes, con la participaci\u00f3n de los diferentes actores involucrados en el proceso como son, Fundaci\u00f3n Espacio a trav\u00e9s del Equipo CCScity450, la comunidad organizada de cada sector, los profesionales participantes en la convocatoria y las distintas organizaciones e instituciones vinculadas con el tema o sector.<\/p>\n<p>Las intervenciones se iniciar\u00e1n en enero de 2020, y cada uno de los equipos tendr\u00e1 3 meses para el desarrollo e implementaci\u00f3n de sus propuestas<\/p>\n<p>Mayor informaci\u00f3n puede ser solicitada por la p\u00e1gina <a href=\"https:\/\/ccscity450.com.ve\" data-saferedirecturl=\"https:\/\/www.google.com\/url?q=https:\/\/ccscity450.com.ve&amp;source=gmail&amp;ust=1578112773039000&amp;usg=AFQjCNFHrMvSzVSPdWBFtCFyA-ydnF233g\">https:\/\/ccscity450.com.ve<\/a> o por @ccscity450 en twitter e Instagram.<\/p>\n","protected":false},"excerpt":{"rendered":"<p>La propuesta \u201cLa Lucha 1958-Cat\u00e1logo de propuestas para un relato urbano en progreso\u201d, del equipo Ciudad Reactiva, result\u00f3 ganadora del Primer Premio en la Convocatoria de la segunda y \u00faltma fase del proyecto CCScity450 Comunidades, que lleva adelante la Fundaci\u00f3n Espacio con el apoyo de la Universidad Central de Venezuela y la Universidad Sim\u00f3n Bol\u00edvar, [&hellip;]<\/p>\n","protected":false},"author":2,"featured_media":7368,"comment_status":"closed","ping_status":"open","sticky":false,"template":"","format":"standard","meta":[],"categories":[463,2],"tags":[1054],"wppr_data":[],"_links":{"self":[{"href":"https:\/\/www.notaoficial.com\/s\/wp-json\/wp\/v2\/posts\/7367"}],"collection":[{"href":"https:\/\/www.notaoficial.com\/s\/wp-json\/wp\/v2\/posts"}],"about":[{"href":"https:\/\/www.notaoficial.com\/s\/wp-json\/wp\/v2\/types\/post"}],"author":[{"embeddable":true,"href":"https:\/\/www.notaoficial.com\/s\/wp-json\/wp\/v2\/users\/2"}],"replies":[{"embeddable":true,"href":"https:\/\/www.notaoficial.com\/s\/wp-json\/wp\/v2\/comments?post=7367"}],"version-history":[{"count":1,"href":"https:\/\/www.notaoficial.com\/s\/wp-json\/wp\/v2\/posts\/7367\/revisions"}],"predecessor-version":[{"id":7369,"href":"https:\/\/www.notaoficial.com\/s\/wp-json\/wp\/v2\/posts\/7367\/revisions\/7369"}],"wp:featuredmedia":[{"embeddable":true,"href":"https:\/\/www.notaoficial.com\/s\/wp-json\/wp\/v2\/media\/7368"}],"wp:attachment":[{"href":"https:\/\/www.notaoficial.com\/s\/wp-json\/wp\/v2\/media?parent=7367"}],"wp:term":[{"taxonomy":"category","embeddable":true,"href":"https:\/\/www.notaoficial.com\/s\/wp-json\/wp\/v2\/categories?post=7367"},{"taxonomy":"post_tag","embeddable":true,"href":"https:\/\/www.notaoficial.com\/s\/wp-json\/wp\/v2\/tags?post=7367"}],"curies":[{"name":"wp","href":"https:\/\/api.w.org\/{rel}","templated":true}]}}