{"id":7373,"date":"2020-01-06T01:44:01","date_gmt":"2020-01-06T05:44:01","guid":{"rendered":"http:\/\/www.notaoficial.com\/s\/?p=7373"},"modified":"2020-01-06T01:44:01","modified_gmt":"2020-01-06T05:44:01","slug":"multiplicando-el-bienestar-para-el-2020","status":"publish","type":"post","link":"https:\/\/www.notaoficial.com\/s\/2020\/01\/06\/multiplicando-el-bienestar-para-el-2020\/","title":{"rendered":"Multiplicando el bienestar para el 2020"},"content":{"rendered":"<p>Realizar ejercicio de forma frecuente ayuda a las personas a <strong>mejorar su forma f\u00edsica<\/strong>, pero tambi\u00e9n para <strong>potenciar la autoestima<\/strong> y a <strong>reconciliarse con la vida <\/strong>y con el pa\u00eds, as\u00ed como a <strong>mantenerse saludable pese a las adversidades <\/strong>del entorno.<\/p>\n<p>La psic\u00f3loga <strong>Miriam Patricia Muriel<\/strong> se\u00f1al\u00f3, en el marco del desayuno navide\u00f1o de <strong>Gold\u00b4s Gym<\/strong> con comunicadores sociales, que el cuerpo de las personas sufre al enfrentarse a la crisis actual, pero que la actividad f\u00edsica \u201c<strong>ayuda a reconciliarnos con nosotros mismos y con el pa\u00eds<\/strong>. Nos da la paz interior y la energ\u00eda que necesitamos para retomar las cosas\u201d, manifest\u00f3.<\/p>\n<p>Por su parte \u00a0el periodista, escritor y conferenciante <strong>\u00c1lvaro P\u00e9rez-Kattar<\/strong> quien tambi\u00e9n estuvo presente en el encuentro, expres\u00f3 que \u201c<strong>el ejercicio aporta bienestar y energ\u00eda<\/strong>, ayuda a sentirse contento y a ser agradecido con la vida, y a reconciliarnos con el entorno\u201d.<\/p>\n<p>Luego la comunicadora social y locutora <strong>Oriana Infante, <\/strong>se\u00f1al\u00f3 que en medio de las vicisitudes de la situaci\u00f3n pa\u00eds es necesario llevar un estilo de vida saludable.<\/p>\n<p>\u201cHay que dedicarse tiempo a s\u00ed mismo y trabajar por el cuerpo que quieres, porque <strong>el fortalecimiento de la autoconfianza te ayuda a enfrentar el d\u00eda a d\u00eda<\/strong>, porque es muy rudo hacer vida profesional en Venezuela\u201d, manifest\u00f3.<\/p>\n<p>El encuentro con los periodistas cont\u00f3 con la participaci\u00f3n de la gerente general de la cadena de bienestar integral, <strong>Calhermi Naranjo<\/strong>; de la directora comercial y de operaciones Giacoma Capodiferro, y la coordinadora de mercadeo, Luz Dur\u00e1n.<\/p>\n<p>Naranjo expres\u00f3 que \u201cVenezuela nos plantea muchos retos y Gold\u00b4s Gym, con 12 a\u00f1os en el pa\u00eds, le ofrece salud a los venezolanos con calidad, atenci\u00f3n y servicio, porque <strong>es necesario mantenernos saludables en este entorno adverso<\/strong>\u201d.<\/p>\n<p>\u201cSomos un negocio feliz, porque promovemos una <strong>vida saludable<\/strong> y el impulso\u00a0 para el proyecto de pa\u00eds y de vida de cada persona\u201d, manifest\u00f3 la gerente general.<\/p>\n<p>Para m\u00e1s informaci\u00f3n sobre este tema, los planes y programas de entrenamiento f\u00edsico de Gold\u00b4s Gym, pueden acercarse a las sedes ubicadas en Caracas (C.C. El Recreo, C.C Uslar y C.C San Ignacio), Margarita (C.C. Parque Costazul) y Maracaibo Norte (Doral Mall), o consultar las redes sociales de la empresa: @GoldsGymVE en Twitter e Instagram y GoldsGymVenezuela en Facebook.<\/p>\n","protected":false},"excerpt":{"rendered":"<p>Realizar ejercicio de forma frecuente ayuda a las personas a mejorar su forma f\u00edsica, pero tambi\u00e9n para potenciar la autoestima y a reconciliarse con la vida y con el pa\u00eds, as\u00ed como a mantenerse saludable pese a las adversidades del entorno. La psic\u00f3loga Miriam Patricia Muriel se\u00f1al\u00f3, en el marco del desayuno navide\u00f1o de Gold\u00b4s [&hellip;]<\/p>\n","protected":false},"author":2,"featured_media":7378,"comment_status":"closed","ping_status":"open","sticky":false,"template":"","format":"standard","meta":[],"categories":[93,842,2],"tags":[845],"wppr_data":[],"_links":{"self":[{"href":"https:\/\/www.notaoficial.com\/s\/wp-json\/wp\/v2\/posts\/7373"}],"collection":[{"href":"https:\/\/www.notaoficial.com\/s\/wp-json\/wp\/v2\/posts"}],"about":[{"href":"https:\/\/www.notaoficial.com\/s\/wp-json\/wp\/v2\/types\/post"}],"author":[{"embeddable":true,"href":"https:\/\/www.notaoficial.com\/s\/wp-json\/wp\/v2\/users\/2"}],"replies":[{"embeddable":true,"href":"https:\/\/www.notaoficial.com\/s\/wp-json\/wp\/v2\/comments?post=7373"}],"version-history":[{"count":1,"href":"https:\/\/www.notaoficial.com\/s\/wp-json\/wp\/v2\/posts\/7373\/revisions"}],"predecessor-version":[{"id":7379,"href":"https:\/\/www.notaoficial.com\/s\/wp-json\/wp\/v2\/posts\/7373\/revisions\/7379"}],"wp:featuredmedia":[{"embeddable":true,"href":"https:\/\/www.notaoficial.com\/s\/wp-json\/wp\/v2\/media\/7378"}],"wp:attachment":[{"href":"https:\/\/www.notaoficial.com\/s\/wp-json\/wp\/v2\/media?parent=7373"}],"wp:term":[{"taxonomy":"category","embeddable":true,"href":"https:\/\/www.notaoficial.com\/s\/wp-json\/wp\/v2\/categories?post=7373"},{"taxonomy":"post_tag","embeddable":true,"href":"https:\/\/www.notaoficial.com\/s\/wp-json\/wp\/v2\/tags?post=7373"}],"curies":[{"name":"wp","href":"https:\/\/api.w.org\/{rel}","templated":true}]}}