{"id":7443,"date":"2020-01-12T05:29:49","date_gmt":"2020-01-12T09:29:49","guid":{"rendered":"http:\/\/www.notaoficial.com\/s\/?p=7443"},"modified":"2020-01-11T23:33:18","modified_gmt":"2020-01-12T03:33:18","slug":"revolver-arranca-la-gira-30-aniversario-con-todo-vendido-en-madrid-y-valencia-y-anuncia-nueva-fecha","status":"publish","type":"post","link":"https:\/\/www.notaoficial.com\/s\/2020\/01\/12\/revolver-arranca-la-gira-30-aniversario-con-todo-vendido-en-madrid-y-valencia-y-anuncia-nueva-fecha\/","title":{"rendered":"Revolver arranca la gira 30 aniversario con todo vendido en Madrid y Valencia y anuncia nueva fecha"},"content":{"rendered":"<p>Revolver desped\u00eda el 2019 con buen sabor de boca. El 30 de diciembre en Teatro Nuevo Apolo de Madrid daba comienzo su gira \u201cRevolver, 30 A\u00f1os\u201d con el todas las butacas vendidas. Un arranque exitoso para una gira que pretende conmemorar los treinta a\u00f1os de Carlos Go\u00f1i al frente de Revolver, toda una vida en su vertiente art\u00edstica, profesional y personal.<\/p>\n<p>El p\u00fablico de Madrid ya pudo descubrir que en los conciertos enmarcados dentro de \u00abRevolver, 30 A\u00f1os\u00bb est\u00e1n los himnos de siempre que no pueden faltar en este aniversario, pero tambi\u00e9n hay canciones menos habituales que tienen un lugar muy importante en la historia de la banda y un buen n\u00famero de sorpresas para hacer de cada cita un momento inolvidable, \u00fanico e irrepetible, un encuentro m\u00e1gico entre el p\u00fablico y el artista en un clima de celebraci\u00f3n.<\/p>\n<p>Puede que la trayectoria de Revolver sea conocida por todos y todas pero estos conciertos \u00fanicos pretenden poner m\u00fasica a toda esa vivencia. Son las canciones de Revolver -de Carlos Go\u00f1i- las que han alumbrado el camino durante estos 30 a\u00f1os y es el momento de hacerles un peque\u00f1o homenaje y enmarcarlas dentro de la carrera de la banda.<\/p>\n<p>Tras el arranque en Madrid, \u00abRevolver, 30 A\u00f1os\u00bb contin\u00faa girando y durante 2020 recorrer\u00e1 parte de la geograf\u00eda espa\u00f1ola. De momento las fechas confirmadas son Granada (29 febrero), Barcelona (3 y 4 de marzo), Oviedo (12 de marzo), Badajoz (14 marzo), Getxo (27 marzo), Val\u00e8ncia (28 marzo AGOTADAS y nueva fecha para el 29 marzo), Molina de Segura (18 abril), D\u00e9nia (18 abril), C\u00e1diz (15 mayo), Alicante (28 mayo), Alc\u00e1zar de San Juan (29 mayo). Las entradas est\u00e1n a la venta en www.gruporevolver.es.<br \/>\nGIRA \u00abREVOLVER, 30 A\u00d1OS\u00bb<\/p>\n<p>30 de diciembre. Madrid. Teatro Nuevo Apolo. AGOTADAS<br \/>\n29 de febrero. Granada. Auditorio Manuel de Falla.<br \/>\n3 y 4 de marzo. Barcelona. Sala Luz de Gas.<br \/>\n12 de marzo. Oviedo. Teatro Campoamor.<br \/>\n14 de marzo. Badajoz. Teatro L\u00f3pez de Ayala.<br \/>\n27 de marzo. Getxo (Bizcaia). Teatro Muxikeberri.<br \/>\n28 de marzo. Val\u00e8ncia. Palau de Les Arts. AGOTADAS<br \/>\n29 de marzo. Val\u00e8ncia. Palau de Les Arts. NUEVA FECHA<br \/>\n4 de abril. Molina de Segura (Murcia). Teatro Villa de Molina.<br \/>\n18 de abril. D\u00e9nia (Alicante). Sala Condado.<br \/>\n15 de mayo. C\u00e1diz. Teatro Manuel de Falla.<br \/>\n28 de mayo. Alicante. Teatro Principal.<br \/>\n29 de mayo. Alc\u00e1zar de San Juan (Ciudad Real). Teatro Auditorio Municipal.<\/p>\n","protected":false},"excerpt":{"rendered":"<p>Revolver desped\u00eda el 2019 con buen sabor de boca. El 30 de diciembre en Teatro Nuevo Apolo de Madrid daba comienzo su gira \u201cRevolver, 30 A\u00f1os\u201d con el todas las butacas vendidas. Un arranque exitoso para una gira que pretende conmemorar los treinta a\u00f1os de Carlos Go\u00f1i al frente de Revolver, toda una vida en [&hellip;]<\/p>\n","protected":false},"author":2,"featured_media":7444,"comment_status":"closed","ping_status":"open","sticky":false,"template":"","format":"standard","meta":[],"categories":[146],"tags":[3657],"wppr_data":[],"_links":{"self":[{"href":"https:\/\/www.notaoficial.com\/s\/wp-json\/wp\/v2\/posts\/7443"}],"collection":[{"href":"https:\/\/www.notaoficial.com\/s\/wp-json\/wp\/v2\/posts"}],"about":[{"href":"https:\/\/www.notaoficial.com\/s\/wp-json\/wp\/v2\/types\/post"}],"author":[{"embeddable":true,"href":"https:\/\/www.notaoficial.com\/s\/wp-json\/wp\/v2\/users\/2"}],"replies":[{"embeddable":true,"href":"https:\/\/www.notaoficial.com\/s\/wp-json\/wp\/v2\/comments?post=7443"}],"version-history":[{"count":1,"href":"https:\/\/www.notaoficial.com\/s\/wp-json\/wp\/v2\/posts\/7443\/revisions"}],"predecessor-version":[{"id":7445,"href":"https:\/\/www.notaoficial.com\/s\/wp-json\/wp\/v2\/posts\/7443\/revisions\/7445"}],"wp:featuredmedia":[{"embeddable":true,"href":"https:\/\/www.notaoficial.com\/s\/wp-json\/wp\/v2\/media\/7444"}],"wp:attachment":[{"href":"https:\/\/www.notaoficial.com\/s\/wp-json\/wp\/v2\/media?parent=7443"}],"wp:term":[{"taxonomy":"category","embeddable":true,"href":"https:\/\/www.notaoficial.com\/s\/wp-json\/wp\/v2\/categories?post=7443"},{"taxonomy":"post_tag","embeddable":true,"href":"https:\/\/www.notaoficial.com\/s\/wp-json\/wp\/v2\/tags?post=7443"}],"curies":[{"name":"wp","href":"https:\/\/api.w.org\/{rel}","templated":true}]}}