{"id":7497,"date":"2020-01-21T02:14:03","date_gmt":"2020-01-21T06:14:03","guid":{"rendered":"http:\/\/www.notaoficial.com\/s\/?p=7497"},"modified":"2020-01-20T23:29:22","modified_gmt":"2020-01-21T03:29:22","slug":"estoesposdata-se-une-a-sixto-rein-e-itzza-primera-en-explosivo-remix","status":"publish","type":"post","link":"https:\/\/www.notaoficial.com\/s\/2020\/01\/21\/estoesposdata-se-une-a-sixto-rein-e-itzza-primera-en-explosivo-remix\/","title":{"rendered":"estoeSPosdata se une a Sixto Rein e Itzza Primera en explosivo remix"},"content":{"rendered":"<p><strong>Desde hace un tiempo se viene escuchando el nombre de estoeSPosdata<\/strong> <strong>en la industria<\/strong> <strong>ya que, este d\u00fao conformado por Pollo Ujueta y Salo Benacerraf, ha ofrecido una propuesta musical fresca y diferente que ha logrado calar en el gusto del p\u00fablico.<\/strong><\/p>\n<p>Y es que, <strong>luego de varios hits, regresan a la palestra con su primer remix, del sencillo \u201cSu amiga\u201d, en colaboraci\u00f3n con los igualmente talentosos Sixto Rein e Itzza Primera<\/strong>, y producido por el reconocido Frank Santofimio. \u201cSon dos artistas que seguimos y admiramos desde hace bastante tiempo, <strong>compartir con ellos\u00a0nuestro primer remix es un honor. Son personas incre\u00edbles que trasmiten buenas vibras y le dieron un nuevo aire al tema, fueron todo lo que quer\u00edamos y m\u00e1s<\/strong> \u2013comenta Salo. Nos llena de alegr\u00eda que Sixto haya formado parte de esto y, en cuanto a Itzza, fue la pieza que faltaba para llenar el rompecabezas; busc\u00e1bamos una voz femenina con mucha personalidad y actitud, y dio justo en el clavo\u201d.<\/p>\n<p>Con m\u00e1s de seis sencillos en su corta carrera, <strong>estoeSPosdata no ha parado de trabajar e inicia este a\u00f1o por todo lo alto, pues este nuevo material, que se estrena este viernes 24 de enero a las 12.00 a.m. en todas sus plataformas digitales, es solo un abreboca de todo lo que traer\u00e1<\/strong>. \u201cEmpezamos el 2020 con este s\u00faper tema que lo consideramos un arranque espectacular, que nos impulsa a seguir so\u00f1ando y seguir compartiendo nuestra m\u00fasica con toda nuestra fanaticada. <strong>Se vienen muchas sorpresas y, lo m\u00e1s importante, mucha nueva m\u00fasica, as\u00ed que est\u00e9n pendientes a nuestras redes sociales, que ah\u00ed vamos a estar compartiendo todo lo nuevo<\/strong>\u201d, agrega Pollo.<\/p>\n<p>Sin duda, el d\u00fao venezolano sigue abri\u00e9ndose su propio camino en el mercado musical con su particular sonido y,\u00a0 <strong>con este remix, de seguro se posicionar\u00e1 como uno de los mejores exponentes del g\u00e9nero en el pa\u00eds<\/strong>.<\/p>\n<p><strong>Para conocer m\u00e1s de los chicos, pueden hacerlo a trav\u00e9s del canal de YouTube estoeSPosdata y sus redes sociales como <\/strong><strong>@estoesposdata, @<\/strong><a href=\"https:\/\/www.instagram.com\/salobenacerraf\/\" data-saferedirecturl=\"https:\/\/www.google.com\/url?q=https:\/\/www.instagram.com\/salobenacerraf\/&amp;source=gmail&amp;ust=1579662777897000&amp;usg=AFQjCNF6VUfYx56C0eqVAAbyiRheRzDAbQ\"><strong>Salobenacerraf<\/strong><\/a><strong> y <\/strong><a href=\"https:\/\/www.instagram.com\/polloujueta\/\" data-saferedirecturl=\"https:\/\/www.google.com\/url?q=https:\/\/www.instagram.com\/polloujueta\/&amp;source=gmail&amp;ust=1579662777897000&amp;usg=AFQjCNE1xDDs3eSFqsybWiOxtU_3aNvpiA\"><strong>@Polloujueta<\/strong><\/a>.<\/p>\n","protected":false},"excerpt":{"rendered":"<p>Desde hace un tiempo se viene escuchando el nombre de estoeSPosdata en la industria ya que, este d\u00fao conformado por Pollo Ujueta y Salo Benacerraf, ha ofrecido una propuesta musical fresca y diferente que ha logrado calar en el gusto del p\u00fablico. Y es que, luego de varios hits, regresan a la palestra con su [&hellip;]<\/p>\n","protected":false},"author":2,"featured_media":7506,"comment_status":"closed","ping_status":"open","sticky":false,"template":"","format":"standard","meta":[],"categories":[463,2],"tags":[8370,8372,8371],"wppr_data":[],"_links":{"self":[{"href":"https:\/\/www.notaoficial.com\/s\/wp-json\/wp\/v2\/posts\/7497"}],"collection":[{"href":"https:\/\/www.notaoficial.com\/s\/wp-json\/wp\/v2\/posts"}],"about":[{"href":"https:\/\/www.notaoficial.com\/s\/wp-json\/wp\/v2\/types\/post"}],"author":[{"embeddable":true,"href":"https:\/\/www.notaoficial.com\/s\/wp-json\/wp\/v2\/users\/2"}],"replies":[{"embeddable":true,"href":"https:\/\/www.notaoficial.com\/s\/wp-json\/wp\/v2\/comments?post=7497"}],"version-history":[{"count":1,"href":"https:\/\/www.notaoficial.com\/s\/wp-json\/wp\/v2\/posts\/7497\/revisions"}],"predecessor-version":[{"id":7507,"href":"https:\/\/www.notaoficial.com\/s\/wp-json\/wp\/v2\/posts\/7497\/revisions\/7507"}],"wp:featuredmedia":[{"embeddable":true,"href":"https:\/\/www.notaoficial.com\/s\/wp-json\/wp\/v2\/media\/7506"}],"wp:attachment":[{"href":"https:\/\/www.notaoficial.com\/s\/wp-json\/wp\/v2\/media?parent=7497"}],"wp:term":[{"taxonomy":"category","embeddable":true,"href":"https:\/\/www.notaoficial.com\/s\/wp-json\/wp\/v2\/categories?post=7497"},{"taxonomy":"post_tag","embeddable":true,"href":"https:\/\/www.notaoficial.com\/s\/wp-json\/wp\/v2\/tags?post=7497"}],"curies":[{"name":"wp","href":"https:\/\/api.w.org\/{rel}","templated":true}]}}