{"id":7514,"date":"2020-01-21T21:57:24","date_gmt":"2020-01-22T01:57:24","guid":{"rendered":"http:\/\/www.notaoficial.com\/s\/?p=7514"},"modified":"2020-01-21T21:00:59","modified_gmt":"2020-01-22T01:00:59","slug":"turismo-maso-te-lleva-a-santiago-de-compostela-con-anna-vaccarella","status":"publish","type":"post","link":"https:\/\/www.notaoficial.com\/s\/2020\/01\/21\/turismo-maso-te-lleva-a-santiago-de-compostela-con-anna-vaccarella\/","title":{"rendered":"Turismo Maso te lleva a Santiago de Compostela con Anna Vaccarella"},"content":{"rendered":"<p>\u201cUna ruta en la que avanzar\u00e1s kil\u00f3metros de conexi\u00f3n y espiritualidad para renacer\u201d, es la apuesta de Turismo Maso para apoyar el esp\u00edritu emprendedor y la gran pasi\u00f3n por el turismo de la reconocida periodista e influencer Anna Vaccarella, quien desde el 27 de abril hasta el 4 de mayo del 2020, estar\u00e1 realizando junto a 14 peregrinos el Camino de Santiago, en Galicia, Espa\u00f1a.<\/p>\n<p>&nbsp;<\/p>\n<p>\u201cUno siempre vuelve a los sitios donde am\u00f3 la vida. En el Camino de Santiago am\u00e9 la vida con sus logros y miserias. Con sus luces y oscuridades. Con sus \u00e9xitos y fracasos. Con sus aciertos y errores. Y como no amarla en medio de un paraje maravilloso en el que est\u00e1s t\u00fa y la naturaleza invit\u00e1ndote a avanzar\u201d, precis\u00f3 Anna Vaccarella.<\/p>\n<p>Para esta ocasi\u00f3n Turismo Maso ide\u00f3 junto a la reconocida periodista una ruta que comprende un recorrido de 119 kil\u00f3metros iniciando en la localidad de Sarria y pasando por: Portomar\u00edn, Palas de Rei, Melide, Arz\u00faa, R\u00faa hasta llegar a Santiago.<\/p>\n<p>Esta tradici\u00f3n jacobea data desde hace mil a\u00f1os y cada a\u00f1o millones de peregrinos recorren los distintos caminos en busca de renovar su fe, as\u00ed como para obtener la Compostela y la credencial del peregrino que\u00a0 indica el fin de la peregrinaci\u00f3n y de su visita a la tumba del Ap\u00f3stol Santiago con motivo cristiano.<\/p>\n<p>\u201cQuiero invitar a las personas a que vivan esta gran experiencia en la que peregrinaremos juntos por un camino, profundo, sencillo y liberador que te hace internarte en tus sentimientos para lograr la meta y despojarse de las cargas\u201d, se\u00f1al\u00f3 Vaccarella.<\/p>\n<p>Turismo Maso empresa con 65 a\u00f1os en el mercado apoya el turismo con prop\u00f3sito que invita a reencontrase en una hermosa peregrinaci\u00f3n de aventura, espiritualidad y conexi\u00f3n con la cultura, las tradiciones y la fe.<\/p>\n<p>Para m\u00e1s informaci\u00f3n sobre turismo, viajes y experiencias ingrese a <a href=\"http:\/\/www.grupomaso.com\/\">www.grupomaso.com<\/a> o <a href=\"http:\/\/www.blog.turismomaso.com\/\">www.blog.turismomaso.com<\/a>, tambi\u00e9n puede consultar las redes sociales de la empresa: @turismomaso en Instagram, @Turismo_Maso en Twitter, Turismo Maso Internacional en Facebook y en LinkedIn Grupo Maso.<\/p>\n","protected":false},"excerpt":{"rendered":"<p>\u201cUna ruta en la que avanzar\u00e1s kil\u00f3metros de conexi\u00f3n y espiritualidad para renacer\u201d, es la apuesta de Turismo Maso para apoyar el esp\u00edritu emprendedor y la gran pasi\u00f3n por el turismo de la reconocida periodista e influencer Anna Vaccarella, quien desde el 27 de abril hasta el 4 de mayo del 2020, estar\u00e1 realizando junto [&hellip;]<\/p>\n","protected":false},"author":2,"featured_media":7515,"comment_status":"closed","ping_status":"open","sticky":false,"template":"","format":"standard","meta":[],"categories":[146],"tags":[256,8171],"wppr_data":[],"_links":{"self":[{"href":"https:\/\/www.notaoficial.com\/s\/wp-json\/wp\/v2\/posts\/7514"}],"collection":[{"href":"https:\/\/www.notaoficial.com\/s\/wp-json\/wp\/v2\/posts"}],"about":[{"href":"https:\/\/www.notaoficial.com\/s\/wp-json\/wp\/v2\/types\/post"}],"author":[{"embeddable":true,"href":"https:\/\/www.notaoficial.com\/s\/wp-json\/wp\/v2\/users\/2"}],"replies":[{"embeddable":true,"href":"https:\/\/www.notaoficial.com\/s\/wp-json\/wp\/v2\/comments?post=7514"}],"version-history":[{"count":1,"href":"https:\/\/www.notaoficial.com\/s\/wp-json\/wp\/v2\/posts\/7514\/revisions"}],"predecessor-version":[{"id":7516,"href":"https:\/\/www.notaoficial.com\/s\/wp-json\/wp\/v2\/posts\/7514\/revisions\/7516"}],"wp:featuredmedia":[{"embeddable":true,"href":"https:\/\/www.notaoficial.com\/s\/wp-json\/wp\/v2\/media\/7515"}],"wp:attachment":[{"href":"https:\/\/www.notaoficial.com\/s\/wp-json\/wp\/v2\/media?parent=7514"}],"wp:term":[{"taxonomy":"category","embeddable":true,"href":"https:\/\/www.notaoficial.com\/s\/wp-json\/wp\/v2\/categories?post=7514"},{"taxonomy":"post_tag","embeddable":true,"href":"https:\/\/www.notaoficial.com\/s\/wp-json\/wp\/v2\/tags?post=7514"}],"curies":[{"name":"wp","href":"https:\/\/api.w.org\/{rel}","templated":true}]}}