{"id":7543,"date":"2020-01-23T07:26:09","date_gmt":"2020-01-23T11:26:09","guid":{"rendered":"http:\/\/www.notaoficial.com\/s\/?p=7543"},"modified":"2020-01-23T01:27:57","modified_gmt":"2020-01-23T05:27:57","slug":"shey-se-pone-irreverente-con-tengo-falda","status":"publish","type":"post","link":"https:\/\/www.notaoficial.com\/s\/2020\/01\/23\/shey-se-pone-irreverente-con-tengo-falda\/","title":{"rendered":"Shey se pone irreverente con \u201cTengo falda\u201d"},"content":{"rendered":"<p><strong>Desde que se inici\u00f3 en el mundo de la m\u00fasica, Shey ha demostrado su versatilidad a la hora de interpretar.<\/strong> Desde la fusi\u00f3n del g\u00e9nero urbano con el house en \u201cD\u00e9jame verte\u201d hasta un pop urbano con \u201cDejav\u00fa\u201d.<\/p>\n<p><strong>Ahora viene con \u201cTengo falda\u201d, un tema completamente diferente, en el que muestra una irreverencia que antes no hab\u00eda explotado.<\/strong> Completamente urbano, la saca por completo de su zona de confort: \u201cEsta canci\u00f3n me permiti\u00f3 dar un salto en mi carrera, y arriesgarme a hacer y crear m\u00fasica diferente\u201d, cuenta Shey.<\/p>\n<p><strong>\u201cTengo falda\u201d est\u00e1 en las plataformas digitales<\/strong> de la cantante desde el pasado 10 de enero. Muchas han sido las buenas cr\u00edticas con el mismo: \u201cLa receptividad ha sido incre\u00edble, a pesar de que a algunos les haya causado ruido la letra y el estilo de m\u00fasica diferente, comparado a lo que yo ven\u00eda haciendo, ha gustado mucho\u201d, comenta.<\/p>\n<p>Sin duda, <strong>esta canci\u00f3n represent\u00f3 un reto musical para Shey, pues no se trat\u00f3 solo de mostrar hasta d\u00f3nde puede llegar musicalmente hablando, sino del mensaje que quer\u00eda llevar al p\u00fablico femenino.<\/strong> \u201cEs una canci\u00f3n muy empoderada que siento que de alguna u otra forma le va a llegar a muchas personas, sobre todo del g\u00e9nero femenino. <strong>Las mujeres se van a sentir m\u00e1s confiadas y fuertes<\/strong> al escuchar la canci\u00f3n, es un tema que <strong>grita poder femenino por donde lo escuches<\/strong>\u201d, asegura la cantante.<\/p>\n<p>El mismo ya cuenta con un videoclip oficial, que ser\u00e1 estrenado en los pr\u00f3ximos d\u00edas en el canal de Youtube de la artista. <strong>As\u00ed que no duden en seguirla en sus redes sociales como @sheymusica para enterarse de la fecha.<\/strong><\/p>\n","protected":false},"excerpt":{"rendered":"<p>Desde que se inici\u00f3 en el mundo de la m\u00fasica, Shey ha demostrado su versatilidad a la hora de interpretar. Desde la fusi\u00f3n del g\u00e9nero urbano con el house en \u201cD\u00e9jame verte\u201d hasta un pop urbano con \u201cDejav\u00fa\u201d. Ahora viene con \u201cTengo falda\u201d, un tema completamente diferente, en el que muestra una irreverencia que antes [&hellip;]<\/p>\n","protected":false},"author":2,"featured_media":7544,"comment_status":"closed","ping_status":"open","sticky":false,"template":"","format":"standard","meta":[],"categories":[463,2],"tags":[851],"wppr_data":[],"_links":{"self":[{"href":"https:\/\/www.notaoficial.com\/s\/wp-json\/wp\/v2\/posts\/7543"}],"collection":[{"href":"https:\/\/www.notaoficial.com\/s\/wp-json\/wp\/v2\/posts"}],"about":[{"href":"https:\/\/www.notaoficial.com\/s\/wp-json\/wp\/v2\/types\/post"}],"author":[{"embeddable":true,"href":"https:\/\/www.notaoficial.com\/s\/wp-json\/wp\/v2\/users\/2"}],"replies":[{"embeddable":true,"href":"https:\/\/www.notaoficial.com\/s\/wp-json\/wp\/v2\/comments?post=7543"}],"version-history":[{"count":1,"href":"https:\/\/www.notaoficial.com\/s\/wp-json\/wp\/v2\/posts\/7543\/revisions"}],"predecessor-version":[{"id":7545,"href":"https:\/\/www.notaoficial.com\/s\/wp-json\/wp\/v2\/posts\/7543\/revisions\/7545"}],"wp:featuredmedia":[{"embeddable":true,"href":"https:\/\/www.notaoficial.com\/s\/wp-json\/wp\/v2\/media\/7544"}],"wp:attachment":[{"href":"https:\/\/www.notaoficial.com\/s\/wp-json\/wp\/v2\/media?parent=7543"}],"wp:term":[{"taxonomy":"category","embeddable":true,"href":"https:\/\/www.notaoficial.com\/s\/wp-json\/wp\/v2\/categories?post=7543"},{"taxonomy":"post_tag","embeddable":true,"href":"https:\/\/www.notaoficial.com\/s\/wp-json\/wp\/v2\/tags?post=7543"}],"curies":[{"name":"wp","href":"https:\/\/api.w.org\/{rel}","templated":true}]}}