{"id":7561,"date":"2020-01-24T06:20:31","date_gmt":"2020-01-24T10:20:31","guid":{"rendered":"http:\/\/www.notaoficial.com\/s\/?p=7561"},"modified":"2020-01-24T00:22:45","modified_gmt":"2020-01-24T04:22:45","slug":"la-sombra-del-grajo-estrena-deja-vu-videoclip-de-adelanto-de-su-inminente-disco-5-febrero","status":"publish","type":"post","link":"https:\/\/www.notaoficial.com\/s\/2020\/01\/24\/la-sombra-del-grajo-estrena-deja-vu-videoclip-de-adelanto-de-su-inminente-disco-5-febrero\/","title":{"rendered":"LA SOMBRA DEL GRAJO estrena \u00abD\u00e9j\u00e0 Vu\u00bb, videoclip de adelanto de su inminente disco (5 febrero)"},"content":{"rendered":"<p align=\"justify\"><span lang=\"ES-TRAD\">La aventura de\u00a0<b>La Sombra del Grajo<\/b>\u00a0sigue su curso&#8230; Tras publicar su primer \u00e1lbum y presentarlo en gira por todo el Estado, vuelven con su nuevo larga duraci\u00f3n titulado\u00a0<b>\u201cD\u00e9j\u00e0 Vu\u201d<\/b>. Despu\u00e9s de una pausa para componer nuevas canciones, han vuelto a contar con la producci\u00f3n de\u00a0<b>Iker Piedrafita<\/b>\u00a0en\u00a0<b>\u201cEl S\u00f3tano Estudio\u201d\u00a0<\/b>(\u00c1rtica, Navarra).<\/span><\/p>\n<p align=\"justify\"><span lang=\"ES-TRAD\">Regresan con un disco de once canciones mucho m\u00e1s directas y ca\u00f1eras, dando tambi\u00e9n una vuelta de tuerca a su sonido que se ha tornado en m\u00e1s afilado y mucho m\u00e1s potente, letras cargadas de reivindicaci\u00f3n e introspecci\u00f3n que ayudan a reflexionar sobre determinadas cuestiones de actualidad y sentimientos personales.<\/span><\/p>\n<p align=\"justify\"><span lang=\"ES-TRAD\">Rode\u00e1ndose de buenos m\u00fasicos han colaborado con artistas de la talla de\u00a0<b>Marcos Molina<\/b>\u00a0de\u00a0<b>Gritando en Silencio<\/b>,\u00a0<b>Kutxi Romero<\/b>\u00a0de\u00a0<b>Marea<\/b>,\u00a0<b>Daniel Redondo<\/b>\u00a0ex\u00a0<b>Carro\u00f1a<\/b>,\u00a0<b>Kuervo<\/b>\u00a0ex\u00a0<b><wbr \/>Forraje<\/b>\u00a0y\u00a0<b>Jab\u00f3n Blue<\/b>,\u00a0<b>Alfredo Piedrafita<\/b>\u00a0de\u00a0<b>Miss Octubre<\/b>\u00a0y\u00a0<b>Barricada<\/b>, entre otros&#8230;<\/span><\/p>\n<p align=\"center\"><span lang=\"ES-TRAD\"><b>La Sombra del Grajo<\/b>\u00a0est\u00e1 formada por:<\/span><\/p>\n<p align=\"center\"><span lang=\"ES-TRAD\"><b>Ezequiel Delgado<\/b>: Voz y guitarra solista<br \/>\n<b>Ram\u00f3n Felguera<\/b>: Guitarra r\u00edtmica<br \/>\n<b>Crist\u00f3bal Garcia<\/b>: Bajo y coros<br \/>\n<b>Jos\u00e9 Luis Carrasco<\/b>: Bater\u00eda<\/span><\/p>\n<p>&nbsp;<\/p>\n","protected":false},"excerpt":{"rendered":"<p>La aventura de\u00a0La Sombra del Grajo\u00a0sigue su curso&#8230; Tras publicar su primer \u00e1lbum y presentarlo en gira por todo el Estado, vuelven con su nuevo larga duraci\u00f3n titulado\u00a0\u201cD\u00e9j\u00e0 Vu\u201d. Despu\u00e9s de una pausa para componer nuevas canciones, han vuelto a contar con la producci\u00f3n de\u00a0Iker Piedrafita\u00a0en\u00a0\u201cEl S\u00f3tano Estudio\u201d\u00a0(\u00c1rtica, Navarra). Regresan con un disco de once [&hellip;]<\/p>\n","protected":false},"author":2,"featured_media":7562,"comment_status":"closed","ping_status":"open","sticky":false,"template":"","format":"standard","meta":[],"categories":[146],"tags":[8393,8392],"wppr_data":[],"_links":{"self":[{"href":"https:\/\/www.notaoficial.com\/s\/wp-json\/wp\/v2\/posts\/7561"}],"collection":[{"href":"https:\/\/www.notaoficial.com\/s\/wp-json\/wp\/v2\/posts"}],"about":[{"href":"https:\/\/www.notaoficial.com\/s\/wp-json\/wp\/v2\/types\/post"}],"author":[{"embeddable":true,"href":"https:\/\/www.notaoficial.com\/s\/wp-json\/wp\/v2\/users\/2"}],"replies":[{"embeddable":true,"href":"https:\/\/www.notaoficial.com\/s\/wp-json\/wp\/v2\/comments?post=7561"}],"version-history":[{"count":1,"href":"https:\/\/www.notaoficial.com\/s\/wp-json\/wp\/v2\/posts\/7561\/revisions"}],"predecessor-version":[{"id":7563,"href":"https:\/\/www.notaoficial.com\/s\/wp-json\/wp\/v2\/posts\/7561\/revisions\/7563"}],"wp:featuredmedia":[{"embeddable":true,"href":"https:\/\/www.notaoficial.com\/s\/wp-json\/wp\/v2\/media\/7562"}],"wp:attachment":[{"href":"https:\/\/www.notaoficial.com\/s\/wp-json\/wp\/v2\/media?parent=7561"}],"wp:term":[{"taxonomy":"category","embeddable":true,"href":"https:\/\/www.notaoficial.com\/s\/wp-json\/wp\/v2\/categories?post=7561"},{"taxonomy":"post_tag","embeddable":true,"href":"https:\/\/www.notaoficial.com\/s\/wp-json\/wp\/v2\/tags?post=7561"}],"curies":[{"name":"wp","href":"https:\/\/api.w.org\/{rel}","templated":true}]}}