{"id":7591,"date":"2020-01-29T09:41:58","date_gmt":"2020-01-29T13:41:58","guid":{"rendered":"http:\/\/www.notaoficial.com\/s\/?p=7591"},"modified":"2020-01-29T01:43:51","modified_gmt":"2020-01-29T05:43:51","slug":"che-sudaka-comienza-su-gira-conectando-tour-2020","status":"publish","type":"post","link":"https:\/\/www.notaoficial.com\/s\/2020\/01\/29\/che-sudaka-comienza-su-gira-conectando-tour-2020\/","title":{"rendered":"CHE SUDAKA comienza su gira \u00abConectando Tour 2020\u00bb"},"content":{"rendered":"<p align=\"justify\"><span lang=\"ES-TRAD\">Entre el 22 de enero y el 21 de marzo de 2020, <b>Che Sudaka<\/b>, la banda\u00a0de colombiano-argentina, fundada en Barcelona en 2002, volver\u00e1 a poner patas arriba las salas de <b>38 ciudades europeas<\/b>.<\/span><\/p>\n<p align=\"justify\"><span lang=\"ES-TRAD\"><b>Che Sudaka<\/b> es, sin duda, una banda de culto. Con sus letras optimistas y rebeldes, su actitud y energ\u00eda infinitamente positivas en el escenario y su altamente reconocible mezcla de <b>folklore latinoamericano, ska, reggae, punk y elementos electr\u00f3nicos<\/b>,\u00a0se han\u00a0convertido en una de las bandas m\u00e1s queridas en la escena latina alternativa (y, con m\u00e1s de 1.500 conciertos en 46 pa\u00edses, \u00a1tambi\u00e9n una de las m\u00e1s contratadas!).<\/span><\/p>\n<p align=\"justify\"><span lang=\"ES-TRAD\">En 2020, los cuatro hermanos estar\u00e1n presentando su nueva aventura musical: <b>\u00abConectando!\u00bb<\/b>. Es el resultado de sus constantes encuentros musicales con artistas ilustres de todo el mundo.<\/span><\/p>\n<p align=\"justify\"><span lang=\"ES-TRAD\"><b>Che Sudaka<\/b> es rebeli\u00f3n, terapia y fiesta. Cualquiera que haya vivido en pr\u00f3pia carne un concierto en directo del grupo, volver\u00e1 a encontrar la fe en que el bien es mayor\u00eda.<\/span><\/p>\n<p align=\"justify\"><span lang=\"ES-TRAD\">El grupo est\u00e1 disponible para entrevistas antes y durante la gira y estar\u00e1 adem\u00e1s disponible para festivales estatales este verano. No dud\u00e9is en contactar para consultar vuestras fechas.<\/span><span lang=\"ES-TRAD\"><\/p>\n<p><\/span><\/p>\n<p align=\"center\"><span lang=\"ES-TRAD\"><span style=\"font-size: medium;\"><b>:: PR\u00d3XIMOS CONCIERTOS DE CHE SUDAKA ::<\/b><\/span><\/span><\/p>\n<p align=\"center\"><span lang=\"ES-TRAD\">29.01.2020\u00a0\u00a0\u00a0 <b>NL \u2013 Enschede<\/b> \u2013 Metropol<br \/>\n30.01.2020\u00a0\u00a0\u00a0 <b>NL &#8211; Utrecht<\/b> &#8211; TivoliDeHelling<br \/>\n31.01.2020\u00a0\u00a0\u00a0 <b>NL &#8211; Amsterdam<\/b> &#8211; Melkweg<br \/>\n01.02.2020\u00a0\u00a0\u00a0<b> NL &#8211; Vlaardingen<\/b> &#8211; Kroepoekfabriek<br \/>\n02.02.2020\u00a0\u00a0\u00a0 <b>DE &#8211; Aachen<\/b> &#8211; Musikbunker<br \/>\n05.02.2020\u00a0\u00a0\u00a0 <b>DE &#8211; Koblenz<\/b> &#8211; Caf\u00e9 Hahn<br \/>\n06.02.2020\u00a0\u00a0\u00a0<b> DE &#8211; Marburg<\/b> &#8211; KFZ<br \/>\n07.02.2020\u00a0\u00a0\u00a0 <b>DE &#8211; Bochum<\/b> &#8211; Bahnhof Langendreer<br \/>\n08.02.2020\u00a0\u00a0\u00a0 <b>DE \u2013 Hannover<\/b> \u2013 Mephisto<br \/>\n11.02.2020\u00a0\u00a0\u00a0 <b>DE \u2013 Halle<\/b> \u2013 Objekt 5<br \/>\n12.02.2020\u00a0\u00a0\u00a0<b> DE \u2013 Frankfurt<\/b> \u2013 Nachtleben<br \/>\n13.02.2020\u00a0\u00a0\u00a0 <b>DE \u2013 M\u00fcnster<\/b> \u2013 Caf\u00e9 Sputnik<br \/>\n14.02.2020\u00a0\u00a0\u00a0 <b>DE \u2013 Stuttgart<\/b> \u2013 clubCANN<br \/>\n15.02.2020\u00a0\u00a0\u00a0 <b>DE &#8211; K\u00f6ln<\/b> &#8211; Geb\u00e4ude 9<br \/>\n18.02.2020\u00a0\u00a0\u00a0 <b>DE \u2013 D\u00fcsseldorf<\/b> \u2013 The Tube<br \/>\n19.02.2020\u00a0\u00a0\u00a0 <b>DE \u2013 Bielefeld<\/b> \u2013 Forum<br \/>\n20.02.2020\u00a0\u00a0\u00a0<b> DE \u2013 Bremen<\/b> \u2013 Lagerhaus<br \/>\n21.02.2020\u00a0\u00a0\u00a0<b> DE \u2013 Hamburg<\/b> \u2013 Fabrik<br \/>\n22.02.2020\u00a0\u00a0\u00a0 <b>DE \u2013 Berlin<\/b> \u2013 SO36<br \/>\n04.03.2020\u00a0\u00a0\u00a0 <b>DE &#8211; Leipzig<\/b> &#8211; Werk 2<br \/>\n05.03.2020\u00a0\u00a0\u00a0<b> DE \u2013 Dresden<\/b> \u2013 Groove Station<br \/>\n06.03.2020\u00a0\u00a0\u00a0 <b>DE &#8211; Potsdam<\/b> &#8211; Lindenpark<br \/>\n07.03.2020\u00a0\u00a0\u00a0 <b>DE &#8211; L\u00fcbeck<\/b> \u2013 Treibsand<br \/>\n08.03.2020\u00a0\u00a0\u00a0<b> DE \u2013 Husum<\/b> \u2013 Speicher<br \/>\n10.03.2020\u00a0\u00a0\u00a0 <b>DE &#8211; Braunschweig<\/b> \u2013 KUFA<br \/>\n11.03.2020\u00a0\u00a0\u00a0 <b>DE \u2013 Dortmund<\/b> \u2013 Junkjard<br \/>\n12.03.2020\u00a0\u00a0\u00a0<b> AT \u2013 Salzburg<\/b> &#8211; Rockhouse<br \/>\n13.03.2020\u00a0\u00a0\u00a0<b> DE \u2013 M\u00fcnchen<\/b> \u2013 Feierwerk<br \/>\n14.03.2020\u00a0<b>\u00a0\u00a0 DE &#8211; Erlangen<\/b> &#8211; E-Werk<br \/>\n18.03.2020\u00a0\u00a0\u00a0<b> HU &#8211; Budapest<\/b> &#8211; A38<br \/>\n19.03.2020\u00a0\u00a0\u00a0 <b>AT &#8211; Wien<\/b> &#8211; Arena<br \/>\n20.03.2020\u00a0\u00a0\u00a0 <b>FR &#8211; Illkirch-Graffenstaden<\/b> \u2013 Illiade 2020<br \/>\n21.03.2020\u00a0\u00a0\u00a0 <b>DE &#8211; Lindau<\/b> &#8211; Club Vaudeville<\/span><\/p>\n","protected":false},"excerpt":{"rendered":"<p>Entre el 22 de enero y el 21 de marzo de 2020, Che Sudaka, la banda\u00a0de colombiano-argentina, fundada en Barcelona en 2002, volver\u00e1 a poner patas arriba las salas de 38 ciudades europeas. Che Sudaka es, sin duda, una banda de culto. Con sus letras optimistas y rebeldes, su actitud y energ\u00eda infinitamente positivas en [&hellip;]<\/p>\n","protected":false},"author":2,"featured_media":7592,"comment_status":"closed","ping_status":"open","sticky":false,"template":"","format":"standard","meta":[],"categories":[146],"tags":[3648],"wppr_data":[],"_links":{"self":[{"href":"https:\/\/www.notaoficial.com\/s\/wp-json\/wp\/v2\/posts\/7591"}],"collection":[{"href":"https:\/\/www.notaoficial.com\/s\/wp-json\/wp\/v2\/posts"}],"about":[{"href":"https:\/\/www.notaoficial.com\/s\/wp-json\/wp\/v2\/types\/post"}],"author":[{"embeddable":true,"href":"https:\/\/www.notaoficial.com\/s\/wp-json\/wp\/v2\/users\/2"}],"replies":[{"embeddable":true,"href":"https:\/\/www.notaoficial.com\/s\/wp-json\/wp\/v2\/comments?post=7591"}],"version-history":[{"count":1,"href":"https:\/\/www.notaoficial.com\/s\/wp-json\/wp\/v2\/posts\/7591\/revisions"}],"predecessor-version":[{"id":7593,"href":"https:\/\/www.notaoficial.com\/s\/wp-json\/wp\/v2\/posts\/7591\/revisions\/7593"}],"wp:featuredmedia":[{"embeddable":true,"href":"https:\/\/www.notaoficial.com\/s\/wp-json\/wp\/v2\/media\/7592"}],"wp:attachment":[{"href":"https:\/\/www.notaoficial.com\/s\/wp-json\/wp\/v2\/media?parent=7591"}],"wp:term":[{"taxonomy":"category","embeddable":true,"href":"https:\/\/www.notaoficial.com\/s\/wp-json\/wp\/v2\/categories?post=7591"},{"taxonomy":"post_tag","embeddable":true,"href":"https:\/\/www.notaoficial.com\/s\/wp-json\/wp\/v2\/tags?post=7591"}],"curies":[{"name":"wp","href":"https:\/\/api.w.org\/{rel}","templated":true}]}}