{"id":7596,"date":"2020-02-01T05:32:07","date_gmt":"2020-02-01T09:32:07","guid":{"rendered":"http:\/\/www.notaoficial.com\/s\/?p=7596"},"modified":"2020-02-01T00:43:58","modified_gmt":"2020-02-01T04:43:58","slug":"alianza-francesa-afina-la-escena-cultural-2020","status":"publish","type":"post","link":"https:\/\/www.notaoficial.com\/s\/2020\/02\/01\/alianza-francesa-afina-la-escena-cultural-2020\/","title":{"rendered":"Alianza Francesa afina la escena cultural 2020"},"content":{"rendered":"<p>Con 45 a\u00f1os siendo promotora de la cultura franc\u00f3fona en Venezuela, la Alianza Francesa se prepara para un 2020 donde la m\u00fasica, el teatro y la pintura ser\u00e1n los protagonistas de la movida art\u00edstica en el pa\u00eds, para promover el aprendizaje del idioma franc\u00e9s.<\/p>\n<p>Las actividades culturales intramuros conformadas por exposiciones, m\u00fasica y cine-foros entre otras, comenzar\u00e1n a partir de la segunda semana del mes de febrero y brindar\u00e1n un espacio para el intercambio y la promoci\u00f3n.<\/p>\n<p>Por su parte, del 13 al 29 de marzo tendr\u00e1 lugar el 1er Festival de las Artes Esc\u00e9nicas Franco-Venezolano que contar\u00e1 con una muy nutrida programaci\u00f3n que incluye: Talleres-Montajes, Conferencias, Clases Magistrales, Obras de teatro, Conciertos de m\u00fasica cl\u00e1sica,\u00a0 pop y Danza, todo esto, en el marco\u00a0 de la francofon\u00eda.<\/p>\n<p>Para el mes de junio y para conmemorar la fiesta de la m\u00fasica, se llevar\u00e1 a cabo la 6ta edici\u00f3n del Concurso Canta en Franc\u00e9s 2020.<\/p>\n<p>El Departamento de Cultura de la Alianza Francesa de Caracas, se\u00f1ala que \u201cEste a\u00f1o, excepcionalmente, estaremos realizando una gran actividad cultural, trabajando en conjunto con el Taller Experimental de Teatro TET, el grupo Rajatabla, la Direcci\u00f3n Cultural de la UCV, el Trasnocho, la ONG Compromiso Compartido, entre otros, para continuar ofreciendo espacios de recreaci\u00f3n, entrenamiento y aprendizaje del franc\u00e9s\u201d.<\/p>\n<p><strong><em>La oferta acad\u00e9mica tambi\u00e9n dice presente\u00a0<\/em><\/strong><\/p>\n<p>Durante todo el 2020, esta instituci\u00f3n\u00a0 continuar\u00e1 ofreciendo sus cursos de franc\u00e9s en sus distinto niveles y en los horarios regulares, asimismo est\u00e1n programados talleres, conversatorios, cine-foros y club de conversaci\u00f3n para los estudiantes y p\u00fablico en general.<\/p>\n<p>En la Mediateca tambi\u00e9n se estar\u00e1n organizando actividades de civilizaci\u00f3n y cultura francesa. Asimismo la Alianza Francesa ampli\u00f3 su oferta acad\u00e9mica para ofrecer cursos de espa\u00f1ol. Igualmente, continuar\u00e1 con los test para Canad\u00e1 y los diplomas DELF y DALF.<\/p>\n<p>Esta instituci\u00f3n se ha planteado como meta para este a\u00f1o, llevar el idioma y la cultura francesa a lugares desfavorecidos y multiplicar esta actividad en los estados del pa\u00eds, donde se encuentran sus sedes.<\/p>\n<p>Para este 2020, la Alianza Francesa mantiene su enfoque de liderazgo como la \u00fanica instituci\u00f3n especializada en franc\u00e9s en el territorio nacional.<\/p>\n<p>Para m\u00e1s informaci\u00f3n acerca de los programas de formaci\u00f3n y actividades culturales consultar la p\u00e1gina oficial de la Alianza Francesa\u00a0<a href=\"http:\/\/caracas.afvenezuela.org\" data-saferedirecturl=\"https:\/\/www.google.com\/url?q=http:\/\/caracas.afvenezuela.org&amp;source=gmail&amp;ust=1580617886956000&amp;usg=AFQjCNE5i-wEO4jX16sxa6V0IaY1A73Lyw\">http:\/\/caracas.afvenezuela.org<\/a> o seguirlos a trav\u00e9s de sus cuentas en Instagram\u00a0<a href=\"https:\/\/www.instagram.com\/afvenezuela\/?hl=es\" data-saferedirecturl=\"https:\/\/www.google.com\/url?q=https:\/\/www.instagram.com\/afvenezuela\/?hl%3Des&amp;source=gmail&amp;ust=1580617886956000&amp;usg=AFQjCNEGrQsXFS_QnTWJJ4RNnFvIXqtYmg\">@afcaracas<\/a>, Twitter\u00a0<u>@afcaracas<\/u>\u00a0y Facebook\u00a0<a href=\"https:\/\/es-la.facebook.com\/www.caracas.afvenezuela.org\/\" data-saferedirecturl=\"https:\/\/www.google.com\/url?q=https:\/\/es-la.facebook.com\/www.caracas.afvenezuela.org\/&amp;source=gmail&amp;ust=1580617886956000&amp;usg=AFQjCNEwF1NXQAHgIA1UzZ8_8U9Y_XxiTw\">Alianza Francesa Caracas<\/a><\/p>\n","protected":false},"excerpt":{"rendered":"<p>Con 45 a\u00f1os siendo promotora de la cultura franc\u00f3fona en Venezuela, la Alianza Francesa se prepara para un 2020 donde la m\u00fasica, el teatro y la pintura ser\u00e1n los protagonistas de la movida art\u00edstica en el pa\u00eds, para promover el aprendizaje del idioma franc\u00e9s. Las actividades culturales intramuros conformadas por exposiciones, m\u00fasica y cine-foros entre [&hellip;]<\/p>\n","protected":false},"author":2,"featured_media":7604,"comment_status":"closed","ping_status":"open","sticky":false,"template":"","format":"standard","meta":[],"categories":[860,140,2],"tags":[861],"wppr_data":[],"_links":{"self":[{"href":"https:\/\/www.notaoficial.com\/s\/wp-json\/wp\/v2\/posts\/7596"}],"collection":[{"href":"https:\/\/www.notaoficial.com\/s\/wp-json\/wp\/v2\/posts"}],"about":[{"href":"https:\/\/www.notaoficial.com\/s\/wp-json\/wp\/v2\/types\/post"}],"author":[{"embeddable":true,"href":"https:\/\/www.notaoficial.com\/s\/wp-json\/wp\/v2\/users\/2"}],"replies":[{"embeddable":true,"href":"https:\/\/www.notaoficial.com\/s\/wp-json\/wp\/v2\/comments?post=7596"}],"version-history":[{"count":1,"href":"https:\/\/www.notaoficial.com\/s\/wp-json\/wp\/v2\/posts\/7596\/revisions"}],"predecessor-version":[{"id":7605,"href":"https:\/\/www.notaoficial.com\/s\/wp-json\/wp\/v2\/posts\/7596\/revisions\/7605"}],"wp:featuredmedia":[{"embeddable":true,"href":"https:\/\/www.notaoficial.com\/s\/wp-json\/wp\/v2\/media\/7604"}],"wp:attachment":[{"href":"https:\/\/www.notaoficial.com\/s\/wp-json\/wp\/v2\/media?parent=7596"}],"wp:term":[{"taxonomy":"category","embeddable":true,"href":"https:\/\/www.notaoficial.com\/s\/wp-json\/wp\/v2\/categories?post=7596"},{"taxonomy":"post_tag","embeddable":true,"href":"https:\/\/www.notaoficial.com\/s\/wp-json\/wp\/v2\/tags?post=7596"}],"curies":[{"name":"wp","href":"https:\/\/api.w.org\/{rel}","templated":true}]}}