{"id":7612,"date":"2020-02-03T13:03:39","date_gmt":"2020-02-03T17:03:39","guid":{"rendered":"http:\/\/www.notaoficial.com\/s\/?p=7612"},"modified":"2020-02-03T11:12:46","modified_gmt":"2020-02-03T15:12:46","slug":"galeria-venezolana-gbg-arts-participa-con-15-artistas-en-art-palm-beach-2020","status":"publish","type":"post","link":"https:\/\/www.notaoficial.com\/s\/2020\/02\/03\/galeria-venezolana-gbg-arts-participa-con-15-artistas-en-art-palm-beach-2020\/","title":{"rendered":"Galer\u00eda venezolana GBG ARTS  participa con 15 artistas en Art Palm Beach 2020"},"content":{"rendered":"<p>La galer\u00eda caraque\u00f1a <strong>GBG ARTS<\/strong> se encuentra participando con 15 artistas en la feria internacional de arte moderno y contempor\u00e1neo <strong>Art Palm Beach APB<\/strong>, que se estar\u00e1 realizando hasta el pr\u00f3ximo lunes 03 de febrero de 2020 en los espacios de Palm Beach County Convention Center, en el estado de Florida, Estados Unidos.<\/p>\n<p>Un total de 80 galer\u00edas de distintos pa\u00edses exhiben diversidad de propuestas en la feria <strong>Art Palm Beach<\/strong>, que para esta 23\u00aa edici\u00f3n cuenta con la direcci\u00f3n art\u00edstica del curador y fot\u00f3grafo venezolano Pietro Daprano.<\/p>\n<p>La exhibici\u00f3n de GBG ARTS se encuentra en la secci\u00f3n APB Focus \u2013dedicada a promover el arte latinoamericano\u2013\u00a0 e incluye obras del artista colombiano Mareo Rodr\u00edguez, del chileno Ignacio Muv, y de los venezolanos Ben Abounassif, Muu Blanco, Paulo Castro, Alberto Cavalieri, Elizabeth Cemborain, Francisco Mart\u00ednez, Jos\u00e9 Margulis, Luis Mill\u00e9, Lubeshka Su\u00e1rez, Efra\u00edn Ugueto, Mar\u00eda Ang\u00e9lica Viso, Javier Vivas y el maestro Carlos Cruz Diez como invitado especial; abarcando pintura, escultura y fotograf\u00eda, entre otras expresiones art\u00edsticas.<\/p>\n<p>Con su participaci\u00f3n en Art Palm Beach APB, la galer\u00eda GBG ARTS da inicio a su programaci\u00f3n del a\u00f1o 2020, cuyo principal objetivo y labor fundamental es internacionalizar a los artistas que representa, seg\u00fan afirma su directora Gabriela Benaim. En este sentido, GBG ARTS participar\u00e1 tambi\u00e9n en la feria PArC Lima, a realizarse el pr\u00f3ximo mes de abril en Per\u00fa, adem\u00e1s presentar\u00e1 exposiciones en Par\u00eds y Malta, entre otras actividades internacionales.<\/p>\n<p>La feria <strong>Art Palm Beach APB<\/strong> se estar\u00e1 presentando hasta el lunes de 3 de febrero de 2020 en Palm Beach County Convention Center, 650 Okeechobee Boulevard, West Palm Beach, Florida, EEUU.<\/p>\n<p>Facebook <a href=\"https:\/\/www.facebook.com\/gbgarts\/timeline?ref=page_internal\" data-saferedirecturl=\"https:\/\/www.google.com\/url?q=https:\/\/www.facebook.com\/gbgarts\/timeline?ref%3Dpage_internal&amp;source=gmail&amp;ust=1580827793802000&amp;usg=AFQjCNGRpPoV2KasUiF2wVGCNCMHgP84_Q\">GALER\u00cdA GBG ARTS<\/a><\/p>\n<p>Instagram <a href=\"http:\/\/www.instagram.com\/gbgarts\" data-saferedirecturl=\"https:\/\/www.google.com\/url?q=http:\/\/www.instagram.com\/gbgarts&amp;source=gmail&amp;ust=1580827793803000&amp;usg=AFQjCNHrU8n40-pK4WuxMUWLhDkiXyNPzg\">@GBGARTS<\/a><\/p>\n<p>Twitter <a href=\"https:\/\/twitter.com\/gbgarts\" data-saferedirecturl=\"https:\/\/www.google.com\/url?q=https:\/\/twitter.com\/gbgarts&amp;source=gmail&amp;ust=1580827793803000&amp;usg=AFQjCNHk2Rq5B7Zp--pA5tcNTxOAPliPIA\">@GBGARTS<\/a><\/p>\n","protected":false},"excerpt":{"rendered":"<p>La galer\u00eda caraque\u00f1a GBG ARTS se encuentra participando con 15 artistas en la feria internacional de arte moderno y contempor\u00e1neo Art Palm Beach APB, que se estar\u00e1 realizando hasta el pr\u00f3ximo lunes 03 de febrero de 2020 en los espacios de Palm Beach County Convention Center, en el estado de Florida, Estados Unidos. Un total [&hellip;]<\/p>\n","protected":false},"author":2,"featured_media":7613,"comment_status":"closed","ping_status":"open","sticky":false,"template":"","format":"standard","meta":[],"categories":[463,2],"tags":[1443,8405,2845,554,8407,2817,2819,1464,2862,2202,2861,8406,660,2866,8072,2851],"wppr_data":[],"_links":{"self":[{"href":"https:\/\/www.notaoficial.com\/s\/wp-json\/wp\/v2\/posts\/7612"}],"collection":[{"href":"https:\/\/www.notaoficial.com\/s\/wp-json\/wp\/v2\/posts"}],"about":[{"href":"https:\/\/www.notaoficial.com\/s\/wp-json\/wp\/v2\/types\/post"}],"author":[{"embeddable":true,"href":"https:\/\/www.notaoficial.com\/s\/wp-json\/wp\/v2\/users\/2"}],"replies":[{"embeddable":true,"href":"https:\/\/www.notaoficial.com\/s\/wp-json\/wp\/v2\/comments?post=7612"}],"version-history":[{"count":1,"href":"https:\/\/www.notaoficial.com\/s\/wp-json\/wp\/v2\/posts\/7612\/revisions"}],"predecessor-version":[{"id":7614,"href":"https:\/\/www.notaoficial.com\/s\/wp-json\/wp\/v2\/posts\/7612\/revisions\/7614"}],"wp:featuredmedia":[{"embeddable":true,"href":"https:\/\/www.notaoficial.com\/s\/wp-json\/wp\/v2\/media\/7613"}],"wp:attachment":[{"href":"https:\/\/www.notaoficial.com\/s\/wp-json\/wp\/v2\/media?parent=7612"}],"wp:term":[{"taxonomy":"category","embeddable":true,"href":"https:\/\/www.notaoficial.com\/s\/wp-json\/wp\/v2\/categories?post=7612"},{"taxonomy":"post_tag","embeddable":true,"href":"https:\/\/www.notaoficial.com\/s\/wp-json\/wp\/v2\/tags?post=7612"}],"curies":[{"name":"wp","href":"https:\/\/api.w.org\/{rel}","templated":true}]}}