{"id":7667,"date":"2020-02-13T22:00:16","date_gmt":"2020-02-14T02:00:16","guid":{"rendered":"http:\/\/www.notaoficial.com\/s\/?p=7667"},"modified":"2020-02-13T15:02:02","modified_gmt":"2020-02-13T19:02:02","slug":"coposa-fortalecio-su-trabajo-social-durante-el-2019","status":"publish","type":"post","link":"https:\/\/www.notaoficial.com\/s\/2020\/02\/13\/coposa-fortalecio-su-trabajo-social-durante-el-2019\/","title":{"rendered":"Coposa fortaleci\u00f3 su trabajo social durante el 2019"},"content":{"rendered":"<p>El bienestar de sus trabajadores y prestar ayuda social\u00a0 est\u00e1n entre las prioridades de <b>Coposa<\/b> y, a pesar de las dificultades econ\u00f3micas, en el 2019 la empresa continu\u00f3 con sus actividades de apoyo a\u00a0 las comunidades de Acarigua-Araure y a sus empleados.<\/p>\n<p>\u201cPara nosotros es importante nuestra gente, entendiendo por ello,\u00a0 no solo nuestro personal, sino nuestro entorno, las comunidades vecinas. De all\u00ed que, lo que antes pod\u00eda ser una obligaci\u00f3n de cumplir con la <b>responsabilidad social empresarial<\/b>, en Coposa lo vemos como algo natural y que nos complace hacer\u201d, asegur\u00f3 Jos\u00e9 Avil\u00e9s, director de Gesti\u00f3n Humana.<\/p>\n<p>Entre las acciones sociales llevadas a cabo durante el 2019<b>, Coposa <\/b>organiz\u00f3 una jornada recreativa y don\u00f3 kits de aseo personal para\u00a0 un grupo de personas de la tercera edad, que viven en una instituci\u00f3n perteneciente al estado Portuguesa, ubicada en la carretera Acarigua-Araure.<\/p>\n<p>Tambi\u00e9n, realiz\u00f3 charlas nutricionales en el Liceo Arturo Uslar Pietri, las cuales continuar\u00e1n este a\u00f1o. \u00a0 \u201cEn estas actividades ofrecimos orientaci\u00f3n sobre c\u00f3mo hacer men\u00fas balanceados y sanos, para que las personas coman bien, a pesar de las dificultades econ\u00f3micas. Buscamos que sea posible que preparen platos que los alimenten con lo que disponen en sus hogares\u201d,\u00a0 indic\u00f3 Avil\u00e9s.<\/p>\n<p>Para su\u00a0 personal, la organizaci\u00f3n realiz\u00f3 actividades durante todo el a\u00f1o, entre ellas, un homenaje de reconocimiento a quienes tienen m\u00e1s a\u00f1os de antig\u00fcedad y jornadas recreativas, como el plan vacacional para los hijos, la celebraci\u00f3n del d\u00eda del ni\u00f1o y la 7ta Caminata Familiar Coposa.<\/p>\n<p><b>Retos 2020<\/b><\/p>\n<p>Mantenerse en el mercado y continuar siendo una empresa que genere empleo son los <b>principales objetivos<\/b> de Coposa para el nuevo a\u00f1o, afirma el gerente de Gesti\u00f3n Humana.\u00a0 Explic\u00f3 que con estos prop\u00f3sitos en la mira, la compa\u00f1\u00eda ha hecho una fuerte inversi\u00f3n en materia prima para seguir produciendo.<\/p>\n<p>Recalc\u00f3 la importancia de haber logrado conservar su recurso humano, cuando hay tantas empresas privadas que han\u00a0 recortado sus n\u00f3minas, y adem\u00e1s, darles capacitaci\u00f3n y entrenamiento profesional. Actualmente, <b>Coposa <\/b>cuenta con alrededor de 730 empleados.<\/p>\n","protected":false},"excerpt":{"rendered":"<p>El bienestar de sus trabajadores y prestar ayuda social\u00a0 est\u00e1n entre las prioridades de Coposa y, a pesar de las dificultades econ\u00f3micas, en el 2019 la empresa continu\u00f3 con sus actividades de apoyo a\u00a0 las comunidades de Acarigua-Araure y a sus empleados. \u201cPara nosotros es importante nuestra gente, entendiendo por ello,\u00a0 no solo nuestro personal, [&hellip;]<\/p>\n","protected":false},"author":2,"featured_media":7668,"comment_status":"closed","ping_status":"open","sticky":false,"template":"","format":"standard","meta":[],"categories":[1372,93,2],"tags":[951],"wppr_data":[],"_links":{"self":[{"href":"https:\/\/www.notaoficial.com\/s\/wp-json\/wp\/v2\/posts\/7667"}],"collection":[{"href":"https:\/\/www.notaoficial.com\/s\/wp-json\/wp\/v2\/posts"}],"about":[{"href":"https:\/\/www.notaoficial.com\/s\/wp-json\/wp\/v2\/types\/post"}],"author":[{"embeddable":true,"href":"https:\/\/www.notaoficial.com\/s\/wp-json\/wp\/v2\/users\/2"}],"replies":[{"embeddable":true,"href":"https:\/\/www.notaoficial.com\/s\/wp-json\/wp\/v2\/comments?post=7667"}],"version-history":[{"count":1,"href":"https:\/\/www.notaoficial.com\/s\/wp-json\/wp\/v2\/posts\/7667\/revisions"}],"predecessor-version":[{"id":7669,"href":"https:\/\/www.notaoficial.com\/s\/wp-json\/wp\/v2\/posts\/7667\/revisions\/7669"}],"wp:featuredmedia":[{"embeddable":true,"href":"https:\/\/www.notaoficial.com\/s\/wp-json\/wp\/v2\/media\/7668"}],"wp:attachment":[{"href":"https:\/\/www.notaoficial.com\/s\/wp-json\/wp\/v2\/media?parent=7667"}],"wp:term":[{"taxonomy":"category","embeddable":true,"href":"https:\/\/www.notaoficial.com\/s\/wp-json\/wp\/v2\/categories?post=7667"},{"taxonomy":"post_tag","embeddable":true,"href":"https:\/\/www.notaoficial.com\/s\/wp-json\/wp\/v2\/tags?post=7667"}],"curies":[{"name":"wp","href":"https:\/\/api.w.org\/{rel}","templated":true}]}}