{"id":7700,"date":"2020-02-18T22:44:28","date_gmt":"2020-02-19T02:44:28","guid":{"rendered":"http:\/\/www.notaoficial.com\/s\/?p=7700"},"modified":"2020-02-18T16:48:37","modified_gmt":"2020-02-18T20:48:37","slug":"dmuseo-expone-obras-recientes-de-eduardo-vargas-rico-en-el-centro-de-arte-los-galpones","status":"publish","type":"post","link":"https:\/\/www.notaoficial.com\/s\/2020\/02\/18\/dmuseo-expone-obras-recientes-de-eduardo-vargas-rico-en-el-centro-de-arte-los-galpones\/","title":{"rendered":"D\u2019Museo expone obras recientes de Eduardo Vargas Rico en el Centro de Arte Los Galpones"},"content":{"rendered":"<p>Una selecci\u00f3n de obras del artista venezolano Eduardo Vargas Rico conforman la exposici\u00f3n <strong><em>De la Tierra y otras Topolog\u00edas<\/em><\/strong>, que ser\u00e1 inaugurada el domingo 16 de febrero de 2020 a las 11 am, en la galer\u00eda D\u2019Museo del Centro de Arte Los Galpones.<\/p>\n<p>En dicha muestra, la Tierra es el eje conceptual desde el cual \u201cse articula un discurso siempre en clave geol\u00f3gica, para hablarnos de una situaci\u00f3n geogr\u00e1fica en la que se buscan comprender distintos t\u00f3picos de inter\u00e9s social, pol\u00edtico, econ\u00f3mico, en el estudio de una geograf\u00eda al borde de otras topolog\u00edas inciertas\u201d, seg\u00fan explica el artista.<\/p>\n<p>De acuerdo al curador Nicomedes Febres, con este trabajo Eduardo Vargas Rico sorprende al mostrar una nueva manera de ver al paisaje o lo que es lo mismo, de ver al pa\u00eds, en una propuesta donde se imponen otros valores como la Ciencia, mediante la Geolog\u00eda como medio de aproximaci\u00f3n a la verdad, hasta la ciencia cartogr\u00e1fica para ubicarnos en la Venezuela de este tiempo.<\/p>\n<p>\u201cEsta muestra lo hace un heredero leg\u00edtimo de la mirada particular de artistas del pasado que escudri\u00f1aron a la tierra venezolana m\u00e1s all\u00e1 del paisaje y sorprendieron a la gente de su tiempo, desde Humboldt y su gabinete de curiosidades reunido junto con Bomplandt, hasta las nuevas visiones de creadores como Miguel Von Dangel y sus maravillosos Encapsulados topol\u00f3gicos hechos para atrapar al paisaje venezolano (&#8230;) y m\u00e1s all\u00e1 de los paisajes visuales de los maestros de la Escuela de Caracas a las innovaciones espirituales de estos hechos por Mateo Manaure, por los informalistas de los a\u00f1os mil novecientos sesenta o las pinturas expresionistas de Jorge Pizzani en los a\u00f1os ochenta\u201d, afirma el curador.<\/p>\n<p>Eduardo Vargas Rico (Barquisimeto, 1991) ha exhibido su obra de manera colectiva e individual, en galer\u00edas, museos, salones y ferias de arte, en Venezuela y otros pa\u00edses como Francia, Finlandia, Estados Unidos, Alemania, Espa\u00f1a y Cuba. Entre los reconocimientos que ha recibido figuran: 1er Premio <em>I Sal\u00f3n de Artes Pl\u00e1sticas \u201cRam\u00f3n D\u00edaz Lugo\u201d<\/em>. IMCA Instituto Municipal de Cultura y Arte, Barquisimeto (2012); 2do Premio <em>12\u00b0 Sal\u00f3n Nacional de J\u00f3venes Artistas<\/em>. MACZUL Museo de Arte Contempor\u00e1neo del Zulia, Maracaibo (2016); 3er Premio <em>Sal\u00f3n Banesco J\u00f3venes con FIA<\/em>, XVIII edici\u00f3n (2015); Menci\u00f3n Honor\u00edfica <em>8vo. Sal\u00f3n de Artes Visuales Ciudad de Barquisimeto<\/em>, estado Lara (2014).<\/p>\n<p>La exposici\u00f3n <strong><em>De la Tierra y otras Topolog\u00edas<\/em><\/strong>, de Eduardo Vargas Rico, se estar\u00e1 presentando desde el 16 de febrero hasta finales de marzo de 2020, en la Galer\u00eda D\u2019Museo, ubicada en el Centro de Arte Los Galpones, avenida \u00c1vila con 8va transversal de Los Chorros, Caracas. El horario es de mi\u00e9rcoles a s\u00e1bados de 11 am a 6 pm, y los domingos de 11 am a 4 pm. La entrada es libre.<\/p>\n<p>Instagram: <a href=\"https:\/\/www.instagram.com\/galeriadmuseo\/?hl=es-la\" data-saferedirecturl=\"https:\/\/www.google.com\/url?q=https:\/\/www.instagram.com\/galeriadmuseo\/?hl%3Des-la&amp;source=gmail&amp;ust=1582144479378000&amp;usg=AFQjCNEyuakEpUj_A9wkfx4cYbObCI1DSg\">@galeriadmuseo<\/a><\/p>\n<p>Twitter: <a href=\"https:\/\/www.instagram.com\/GaleriaDMuseo\/\" data-saferedirecturl=\"https:\/\/www.google.com\/url?q=https:\/\/www.instagram.com\/GaleriaDMuseo\/&amp;source=gmail&amp;ust=1582144479378000&amp;usg=AFQjCNGQWqWm8QN8ccPxG7cYp9Z74G4hwg\">@GaleriaDMuseo<\/a><\/p>\n<p>Facebook: <a href=\"https:\/\/www.facebook.com\/galeria.dmuseo\/\" data-saferedirecturl=\"https:\/\/www.google.com\/url?q=https:\/\/www.facebook.com\/galeria.dmuseo\/&amp;source=gmail&amp;ust=1582144479378000&amp;usg=AFQjCNF0NeHjeVAu_7njUQwU4Fn6p-dSIw\">Galer\u00eda D&#8217;Museo<\/a><\/p>\n","protected":false},"excerpt":{"rendered":"<p>Una selecci\u00f3n de obras del artista venezolano Eduardo Vargas Rico conforman la exposici\u00f3n De la Tierra y otras Topolog\u00edas, que ser\u00e1 inaugurada el domingo 16 de febrero de 2020 a las 11 am, en la galer\u00eda D\u2019Museo del Centro de Arte Los Galpones. En dicha muestra, la Tierra es el eje conceptual desde el cual [&hellip;]<\/p>\n","protected":false},"author":2,"featured_media":7701,"comment_status":"closed","ping_status":"open","sticky":false,"template":"","format":"standard","meta":[],"categories":[463,2],"tags":[712,8473,8058,1556,7252],"wppr_data":[],"_links":{"self":[{"href":"https:\/\/www.notaoficial.com\/s\/wp-json\/wp\/v2\/posts\/7700"}],"collection":[{"href":"https:\/\/www.notaoficial.com\/s\/wp-json\/wp\/v2\/posts"}],"about":[{"href":"https:\/\/www.notaoficial.com\/s\/wp-json\/wp\/v2\/types\/post"}],"author":[{"embeddable":true,"href":"https:\/\/www.notaoficial.com\/s\/wp-json\/wp\/v2\/users\/2"}],"replies":[{"embeddable":true,"href":"https:\/\/www.notaoficial.com\/s\/wp-json\/wp\/v2\/comments?post=7700"}],"version-history":[{"count":1,"href":"https:\/\/www.notaoficial.com\/s\/wp-json\/wp\/v2\/posts\/7700\/revisions"}],"predecessor-version":[{"id":7702,"href":"https:\/\/www.notaoficial.com\/s\/wp-json\/wp\/v2\/posts\/7700\/revisions\/7702"}],"wp:featuredmedia":[{"embeddable":true,"href":"https:\/\/www.notaoficial.com\/s\/wp-json\/wp\/v2\/media\/7701"}],"wp:attachment":[{"href":"https:\/\/www.notaoficial.com\/s\/wp-json\/wp\/v2\/media?parent=7700"}],"wp:term":[{"taxonomy":"category","embeddable":true,"href":"https:\/\/www.notaoficial.com\/s\/wp-json\/wp\/v2\/categories?post=7700"},{"taxonomy":"post_tag","embeddable":true,"href":"https:\/\/www.notaoficial.com\/s\/wp-json\/wp\/v2\/tags?post=7700"}],"curies":[{"name":"wp","href":"https:\/\/api.w.org\/{rel}","templated":true}]}}