{"id":7710,"date":"2020-02-22T00:19:05","date_gmt":"2020-02-22T04:19:05","guid":{"rendered":"http:\/\/www.notaoficial.com\/s\/?p=7710"},"modified":"2020-02-21T20:29:19","modified_gmt":"2020-02-22T00:29:19","slug":"foro-coronavirus-de-wuhan-realizaran-en-el-gmsp","status":"publish","type":"post","link":"https:\/\/www.notaoficial.com\/s\/2020\/02\/22\/foro-coronavirus-de-wuhan-realizaran-en-el-gmsp\/","title":{"rendered":"Foro Coronavirus de Wuhan realizaran en el GMSP"},"content":{"rendered":"<p>El planeta entero est\u00e1 en alerta ante la presencia del virus COVID-19 y ante la desinformaci\u00f3n en relaci\u00f3n a este pat\u00f3geno que ha cobrado 1770 vidas en China y en otros cinco pa\u00edses. El director general de la Organizaci\u00f3n Mundial de la Salud (OMS), Tedros Adhanom Ghebreyesus, ha formulado un llamado a todos los pa\u00edses a prepararse ante una eventual llegada del \u201ccoronavirus\u201d de Wuhan.<\/p>\n<p>Ante la necesidad de mantener informado al ciudadano sobre esta situaci\u00f3n,\u00a0 el Grupo M\u00e9dico Santa Paula (GMSP) ha organizado para el pr\u00f3ximo mi\u00e9rcoles 19 de febrero, el Foro Informativo y Preventivo <strong>Coronoavirus de Wuhan, <\/strong>el cual se llevar\u00e1 a cabo a las 5.00 pm, en el auditorio del centro de salud<\/p>\n<p>En este evento completamente gratuito, participaran como ponentes el presidente de la Sociedad de Puericultura y Pediatr\u00eda Dr. Huniades Urbina, el Dr. Luis Echezuria, pediatra, epidemi\u00f3logo\u00a0 y profesor de la Universidad Central de Venezuela y\u00a0 la doctora Yoxsivell Limas, infect\u00f3loga.<\/p>\n<p><strong>Cifras del coronavirus<\/strong><\/p>\n<p>Los expertos de la OMS trabajan estrechamente con sus pares de\u00a0China\u00a0y advierten que es imposible predecir la direcci\u00f3n que tomar\u00e1 el virus COVID-19. De all\u00ed la necesidad de que en cada pa\u00eds se haga seguimiento de los casos, lugares y detalles cient\u00edficos actuales del virus.<\/p>\n<p>Hasta el reporte de este lunes los <strong>datos confirmados del coronavirus<\/strong> por la\u00a0 OMS son:<\/p>\n<ul>\n<li>El n\u00famero de contagiados ascendi\u00f3 a 70 548.<\/li>\n<li>El n\u00famero de fallecidos: 1.770 muertos\u00a0en la naci\u00f3n asi\u00e1tica.<\/li>\n<li>Las \u00faltimas 24 horas fueron reportados 105 nuevos decesos.<\/li>\n<li>10 mil 844 personas se han recuperado de la infecci\u00f3n viral.<\/li>\n<li>La epidemia tambi\u00e9n ha causado cinco muertos fuera de China continental. Filipinas, Jap\u00f3n, Hong Kong, Francia y Taiw\u00e1n han reportado un deceso cada uno.<\/li>\n<\/ul>\n<p>Los pa\u00edses afectados hasta el momento y el n\u00famero de casos confirmados en cada uno de ellos va en ascenso.<\/p>\n<p>Desde que comenzaron a detectarse los primeros casos de este virus, en diciembre, se han contagiado en China 70.548 personas; de ellas, 10.881 han recibido el alta y 10.664 se encuentran en estado grave. Hay otros 7.264 enfermos sospechosos de padecer la enfermedad.<\/p>\n","protected":false},"excerpt":{"rendered":"<p>El planeta entero est\u00e1 en alerta ante la presencia del virus COVID-19 y ante la desinformaci\u00f3n en relaci\u00f3n a este pat\u00f3geno que ha cobrado 1770 vidas en China y en otros cinco pa\u00edses. El director general de la Organizaci\u00f3n Mundial de la Salud (OMS), Tedros Adhanom Ghebreyesus, ha formulado un llamado a todos los pa\u00edses [&hellip;]<\/p>\n","protected":false},"author":2,"featured_media":7719,"comment_status":"closed","ping_status":"open","sticky":false,"template":"","format":"standard","meta":[],"categories":[4562,140,2],"tags":[8476],"wppr_data":[],"_links":{"self":[{"href":"https:\/\/www.notaoficial.com\/s\/wp-json\/wp\/v2\/posts\/7710"}],"collection":[{"href":"https:\/\/www.notaoficial.com\/s\/wp-json\/wp\/v2\/posts"}],"about":[{"href":"https:\/\/www.notaoficial.com\/s\/wp-json\/wp\/v2\/types\/post"}],"author":[{"embeddable":true,"href":"https:\/\/www.notaoficial.com\/s\/wp-json\/wp\/v2\/users\/2"}],"replies":[{"embeddable":true,"href":"https:\/\/www.notaoficial.com\/s\/wp-json\/wp\/v2\/comments?post=7710"}],"version-history":[{"count":1,"href":"https:\/\/www.notaoficial.com\/s\/wp-json\/wp\/v2\/posts\/7710\/revisions"}],"predecessor-version":[{"id":7720,"href":"https:\/\/www.notaoficial.com\/s\/wp-json\/wp\/v2\/posts\/7710\/revisions\/7720"}],"wp:featuredmedia":[{"embeddable":true,"href":"https:\/\/www.notaoficial.com\/s\/wp-json\/wp\/v2\/media\/7719"}],"wp:attachment":[{"href":"https:\/\/www.notaoficial.com\/s\/wp-json\/wp\/v2\/media?parent=7710"}],"wp:term":[{"taxonomy":"category","embeddable":true,"href":"https:\/\/www.notaoficial.com\/s\/wp-json\/wp\/v2\/categories?post=7710"},{"taxonomy":"post_tag","embeddable":true,"href":"https:\/\/www.notaoficial.com\/s\/wp-json\/wp\/v2\/tags?post=7710"}],"curies":[{"name":"wp","href":"https:\/\/api.w.org\/{rel}","templated":true}]}}