{"id":7728,"date":"2020-02-24T20:45:41","date_gmt":"2020-02-25T00:45:41","guid":{"rendered":"http:\/\/www.notaoficial.com\/s\/?p=7728"},"modified":"2020-02-24T08:56:08","modified_gmt":"2020-02-24T12:56:08","slug":"pinturas-y-ensamblajes-de-jason-galarraga-se-exponen-en-los-espacios-del-tamanaco","status":"publish","type":"post","link":"https:\/\/www.notaoficial.com\/s\/2020\/02\/24\/pinturas-y-ensamblajes-de-jason-galarraga-se-exponen-en-los-espacios-del-tamanaco\/","title":{"rendered":"Pinturas y Ensamblajes de Jason Galarraga  se exponen en los espacios del Tamanaco"},"content":{"rendered":"<p>Una selecci\u00f3n de obras del artista Jason Galarraga conforman la exposici\u00f3n <strong><em>Cambio de tiempo. Pinturas y Ensamblajes<\/em><\/strong>, en un espacio del Hotel Tamanaco InterContinental Caracas que, a partir de una alianza con Becerra Guzm\u00e1n Galer\u00eda, reanuda su programaci\u00f3n art\u00edstica destinada a promover el arte venezolano contempor\u00e1neo.<\/p>\n<p>La muestra, que permanecer\u00e1 en exhibici\u00f3n hasta el 11 de abril de 2020, ofrece un recorrido por la producci\u00f3n art\u00edstica de Jason Galarraga, a trav\u00e9s de una docena de piezas donde destaca el elemento tipogr\u00e1fico como una constante en toda su obra.<\/p>\n<p>Con estudios de artes pl\u00e1ticas, de dise\u00f1o y de artes gr\u00e1ficas, Galarraga ha desarrollado un lenguaje visual caracter\u00edstico en obras bisimensionales y tridimensionales, en las cuales en ocasiones sucede a un mismo tiempo la noci\u00f3n de pintura y dibujo, seg\u00fan explica el artista.<\/p>\n<p>\u201cLa recurrencia a un sentido del dise\u00f1o, la reiteraci\u00f3n de lo cotidiano y de cierta popularizaci\u00f3n de ideas geom\u00e9tricas de la vida corriente, los s\u00edmbolos de esa cotidianidad, lo repetitivo de un rodillo, de palabras escogidas, nombres o frases al azar, es manifiesto de la coherencia de mi obra y su expresi\u00f3n trabajada durante un largo tiempo\u201d, afirma Galarraga.<\/p>\n<p>Por su parte, la curadora e investigadora de artes visuales, B\u00e9lgica Rodr\u00edguez, considera que el car\u00e1cter constructivo de la propuesta pl\u00e1stica de Jason Galarraga se expresa en un dinamismo visual extraordinario, y que su pintura es generada a partir de la m\u00e1s antigua tradici\u00f3n del g\u00e9nero pict\u00f3rico, \u201ctoda ella como ensamblajes bidimensionales de signos que en aparente distancia se ubican en un espacio pict\u00f3rico donde cada imagen est\u00e1 marcada por la certidumbre de existir a partir de una acci\u00f3n intelectual y pl\u00e1stica\u201d.<\/p>\n<p>Nacido en Caracas en 1950, Jason Galarraga posee una amplia trayectoria art\u00edstica de m\u00e1s de 40 a\u00f1os, durante la cual ha transitado por el dise\u00f1o gr\u00e1fico, la fotograf\u00eda, el cine y la pintura. Ha participado en numerosas exposiciones colectivas e individuales en Venezuela, Francia, Italia, Colombia, Chile, Panam\u00e1, M\u00e9xico, Estados Unidos y Rep\u00fablica Dominicana, y entre los reconocimientos que ha recibido figuran, Primer Premio 1er Sal\u00f3n Tito Salas C\u00e1mara de Comercio de Maracay (1977); 3er Premio Palette d\u0315Or, XXIII Festival Internacional de la Peinture, Cagnes Sur Mer, Francia (1991); y Premio\u00a0\u00abAntonio Edmundo Monsanto\u00bb LXV Sal\u00f3n Arturo Michelena (2010); entre otros.<\/p>\n<p>La exposici\u00f3n <strong><em>Cambio de tiempo. Pinturas y Ensamblajes<\/em><\/strong>, de Jason Galarraga, podr\u00e1 apreciarse hasta el 11 de abril de 2020, en la Galer\u00eda Tamanaco, del Hotel Tamanaco InterContinental Caracas.<\/p>\n<p>&nbsp;<\/p>\n<p>@jasongalarraga<\/p>\n<p>@ICTamanaco<\/p>\n","protected":false},"excerpt":{"rendered":"<p>Una selecci\u00f3n de obras del artista Jason Galarraga conforman la exposici\u00f3n Cambio de tiempo. Pinturas y Ensamblajes, en un espacio del Hotel Tamanaco InterContinental Caracas que, a partir de una alianza con Becerra Guzm\u00e1n Galer\u00eda, reanuda su programaci\u00f3n art\u00edstica destinada a promover el arte venezolano contempor\u00e1neo. La muestra, que permanecer\u00e1 en exhibici\u00f3n hasta el 11 [&hellip;]<\/p>\n","protected":false},"author":2,"featured_media":7734,"comment_status":"closed","ping_status":"open","sticky":false,"template":"","format":"standard","meta":[],"categories":[463,2],"tags":[2084,6955],"wppr_data":[],"_links":{"self":[{"href":"https:\/\/www.notaoficial.com\/s\/wp-json\/wp\/v2\/posts\/7728"}],"collection":[{"href":"https:\/\/www.notaoficial.com\/s\/wp-json\/wp\/v2\/posts"}],"about":[{"href":"https:\/\/www.notaoficial.com\/s\/wp-json\/wp\/v2\/types\/post"}],"author":[{"embeddable":true,"href":"https:\/\/www.notaoficial.com\/s\/wp-json\/wp\/v2\/users\/2"}],"replies":[{"embeddable":true,"href":"https:\/\/www.notaoficial.com\/s\/wp-json\/wp\/v2\/comments?post=7728"}],"version-history":[{"count":1,"href":"https:\/\/www.notaoficial.com\/s\/wp-json\/wp\/v2\/posts\/7728\/revisions"}],"predecessor-version":[{"id":7735,"href":"https:\/\/www.notaoficial.com\/s\/wp-json\/wp\/v2\/posts\/7728\/revisions\/7735"}],"wp:featuredmedia":[{"embeddable":true,"href":"https:\/\/www.notaoficial.com\/s\/wp-json\/wp\/v2\/media\/7734"}],"wp:attachment":[{"href":"https:\/\/www.notaoficial.com\/s\/wp-json\/wp\/v2\/media?parent=7728"}],"wp:term":[{"taxonomy":"category","embeddable":true,"href":"https:\/\/www.notaoficial.com\/s\/wp-json\/wp\/v2\/categories?post=7728"},{"taxonomy":"post_tag","embeddable":true,"href":"https:\/\/www.notaoficial.com\/s\/wp-json\/wp\/v2\/tags?post=7728"}],"curies":[{"name":"wp","href":"https:\/\/api.w.org\/{rel}","templated":true}]}}