{"id":7738,"date":"2020-02-25T14:56:29","date_gmt":"2020-02-25T18:56:29","guid":{"rendered":"http:\/\/www.notaoficial.com\/s\/?p=7738"},"modified":"2020-02-24T09:06:33","modified_gmt":"2020-02-24T13:06:33","slug":"un-alejandro-otero-monumental-llega-a-la-galeria-odalys-de-madrid","status":"publish","type":"post","link":"https:\/\/www.notaoficial.com\/s\/2020\/02\/25\/un-alejandro-otero-monumental-llega-a-la-galeria-odalys-de-madrid\/","title":{"rendered":"Un Alejandro Otero monumental llega a la galer\u00eda Odalys de Madrid"},"content":{"rendered":"<div>El s\u00e1bado, a las 11:00 am, hora espa\u00f1ola, se inaugurar\u00e1 la exposici\u00f3n\u00a0<em><strong>\u00abOtero monumental\u00bb<\/strong><\/em>, con dibujos, maquetas y esculturas nunca antes exhibidos<\/div>\n<p dir=\"ltr\">Junto con Carlos Cruz-Diez y Jes\u00fas Soto. Alejandro Otero es uno de los puntales del arte del siglo XX en Venezuela y el mundo. Singular exponente de la abstracci\u00f3n geom\u00e9trica, este artista, nacido en El Manteco, estado Bol\u00edvar, el 7 de marzo de 1921, orient\u00f3 su quehacer art\u00edstico hacia la b\u00fasqueda permanente de nuevas posibilidades pl\u00e1sticas, de novedosas formas de expresi\u00f3n en las que confluyeran la ciencia y el arte.<\/p>\n<p dir=\"ltr\">Sin embargo, en su obra c\u00edvica, o monumental, se cumple a rajatabla lo que Otero declar\u00f3 en una entrevista realizada para la revista cultural\u00a0<em>Arsterisco<\/em>: \u00abA\u00a0m\u00ed no me define el inter\u00e9s por lo tecnol\u00f3gico, o lo cient\u00edfico, sino por la tem\u00e1tica en cuanto a las posibilidades y las conquistas cient\u00edficas y tecnol\u00f3gicas que ha hecho el hombre y han provocado el avance de la humanidad\u201d.<\/p>\n<p dir=\"ltr\">Es por ello que cuando en 1971 recibi\u00f3 la beca Guggenheim para profundizar su investigaci\u00f3n acerca del color, el movimiento, el agua, la luz y el arte, se march\u00f3 al Instituto de Tecnolog\u00eda de Massachusetts (M.I.T., por sus siglas en ingl\u00e9s) \u00e1vido de conectar con el conocimiento cient\u00edfico m\u00e1s avanzado, pero sin apartar de su mente y su coraz\u00f3n la exuberante naturaleza de su ni\u00f1ez, en especial, el sol incandescente de El Manteco. el caudal de los r\u00edos Orinoco y Caron\u00ed, y la permanente ventisca del lugar.<\/p>\n<p dir=\"ltr\">All\u00ed, en el MIT, Otero desarroll\u00f3 sus esculturas orbitales a escala urbana, de las que a partir del s\u00e1bado ser\u00e1 expuesta en la galer\u00eda Odalys Madrid (calle Orfila 5, 28010) una selecci\u00f3n in\u00e9dita de dibujos, maquetas y esculturas en la exposici\u00f3n\u00a0<em>Otero monumental<\/em>, con la que el Grupo Odalys y la Fundaci\u00f3n Otero-Pardo inician la celebraci\u00f3n del centenario del nacimiento del creador de los\u00a0Coloritmos.<\/p>\n<p dir=\"ltr\">Los dibujos y maquetas presentes en la muestra, y realizados entre 1969 y 1987, son un\u00a0testimonio de las motivaciones, intereses y ambiciones creativas de Alejandro Otero, en el\u00a0contexto de su investigaci\u00f3n en torno a la escultura y al sentido del arte de su tiempo.<\/p>\n<p dir=\"ltr\">Sobre su experiencia en el MIT, dijo Otero: \u00abCuando trabajaba en el Centro para Estudios Visuales Avanzados, de M.I.T., tom\u00e9 el Charles River como punto de partida para el dise\u00f1o de algunas esculturas. En el caso espec\u00edfico de \u00e9stas a las que me estoy refiriendo, su amplitud frente a la Universidad, la lentitud de su corriente casi paralizada por efecto de un dique, el viento que sopla a menudo violento sobre el agua, la luz del sol a la ca\u00edda de la tarde y, en gran medida, la contaminaci\u00f3n misma del r\u00edo. Los resultados fueron una familia de criaturas desgre\u00f1adas que deb\u00edan desplazarse enloquecidas por la superficie del agua\u00bb.<\/p>\n<p><em><strong>Otero monumental<\/strong><\/em>\u00a0estar\u00e1 abierta al p\u00fablico hasta el 25 de abril, en horarios de\u00a0martes a s\u00e1bado, de 11:00 a 14:00 y de 15:00 a 20:00.<\/p>\n","protected":false},"excerpt":{"rendered":"<p>El s\u00e1bado, a las 11:00 am, hora espa\u00f1ola, se inaugurar\u00e1 la exposici\u00f3n\u00a0\u00abOtero monumental\u00bb, con dibujos, maquetas y esculturas nunca antes exhibidos Junto con Carlos Cruz-Diez y Jes\u00fas Soto. Alejandro Otero es uno de los puntales del arte del siglo XX en Venezuela y el mundo. Singular exponente de la abstracci\u00f3n geom\u00e9trica, este artista, nacido en [&hellip;]<\/p>\n","protected":false},"author":2,"featured_media":7745,"comment_status":"closed","ping_status":"open","sticky":false,"template":"","format":"standard","meta":[],"categories":[463,2],"tags":[554,1074,8487],"wppr_data":[],"_links":{"self":[{"href":"https:\/\/www.notaoficial.com\/s\/wp-json\/wp\/v2\/posts\/7738"}],"collection":[{"href":"https:\/\/www.notaoficial.com\/s\/wp-json\/wp\/v2\/posts"}],"about":[{"href":"https:\/\/www.notaoficial.com\/s\/wp-json\/wp\/v2\/types\/post"}],"author":[{"embeddable":true,"href":"https:\/\/www.notaoficial.com\/s\/wp-json\/wp\/v2\/users\/2"}],"replies":[{"embeddable":true,"href":"https:\/\/www.notaoficial.com\/s\/wp-json\/wp\/v2\/comments?post=7738"}],"version-history":[{"count":1,"href":"https:\/\/www.notaoficial.com\/s\/wp-json\/wp\/v2\/posts\/7738\/revisions"}],"predecessor-version":[{"id":7746,"href":"https:\/\/www.notaoficial.com\/s\/wp-json\/wp\/v2\/posts\/7738\/revisions\/7746"}],"wp:featuredmedia":[{"embeddable":true,"href":"https:\/\/www.notaoficial.com\/s\/wp-json\/wp\/v2\/media\/7745"}],"wp:attachment":[{"href":"https:\/\/www.notaoficial.com\/s\/wp-json\/wp\/v2\/media?parent=7738"}],"wp:term":[{"taxonomy":"category","embeddable":true,"href":"https:\/\/www.notaoficial.com\/s\/wp-json\/wp\/v2\/categories?post=7738"},{"taxonomy":"post_tag","embeddable":true,"href":"https:\/\/www.notaoficial.com\/s\/wp-json\/wp\/v2\/tags?post=7738"}],"curies":[{"name":"wp","href":"https:\/\/api.w.org\/{rel}","templated":true}]}}