{"id":7768,"date":"2020-02-29T13:01:32","date_gmt":"2020-02-29T17:01:32","guid":{"rendered":"http:\/\/www.notaoficial.com\/s\/?p=7768"},"modified":"2020-02-29T11:04:37","modified_gmt":"2020-02-29T15:04:37","slug":"seguridad-o-comodidad-el-eterno-dilema-de-la-proteccion-de-datos","status":"publish","type":"post","link":"https:\/\/www.notaoficial.com\/s\/2020\/02\/29\/seguridad-o-comodidad-el-eterno-dilema-de-la-proteccion-de-datos\/","title":{"rendered":"\u00bfSeguridad o comodidad? El eterno dilema de la protecci\u00f3n de datos"},"content":{"rendered":"<p>El D\u00eda Internacional de la Protecci\u00f3n de Datos conmemora desde 2007 la firma de la Convenci\u00f3n 108, hasta el momento el \u00fanico tratado internacional sobre protecci\u00f3n de datos. El objetivo de la jornada es concientizar sobre las mejores pr\u00e1cticas para proteger a los individuos y su informaci\u00f3n personal, as\u00ed como advertir sobre los riesgos del uso ilegal o injusto de los datos personales.<\/p>\n<p>\u201cCada vez que accedemos a un sitio, un servicio o descargamos contenido dejamos un rastro, es por eso que la protecci\u00f3n de datos es un factor cada vez m\u00e1s importante en nuestro entorno. M\u00e1s all\u00e1 de esto, vemos con demasiada frecuencia c\u00f3mo los usuarios se despreocupan de su propia informaci\u00f3n personal y aceptan sin problema\u00a0 que terceros utilicen, analicen e incluso se lucren con sus datos personales, algo que es necesario que cambie radicalmente\u201d, advierte Camilo Gutierrez, Jefe del Laboratorio de Investigaci\u00f3n de ESET Latinoam\u00e9rica.<\/p>\n<p>En un momento en que los datos personales dejaron de ser meramente informaci\u00f3n particular para convertirse en un negocio, y cada vez es m\u00e1s complicado saber qu\u00e9 datos privados se dejan en los registros\u00a0 \u2013y qui\u00e9n o c\u00f3mo los controlan\u2013, es importante destinar unos minutos para analizar qu\u00e9 pasa con la informaci\u00f3n de los usuarios. La compa\u00f1\u00eda de seguridad inform\u00e1tica advierte tambi\u00e9n de que un mal uso de los datos personales puede facilitar el trabajo a los ciberdelincuentes.<\/p>\n<p>Para saber si alguna de las p\u00e1ginas que se visita habitualmente ha sido comprometida por una brecha de seguridad que haya producido un robo de datos, se puede visitar el sitio haveibeenpwned.com y comprobar si aparece la direcci\u00f3n de correo electr\u00f3nico. En caso afirmativo, es necesario revisar y actualizar las contrase\u00f1as tanto de las cuentas comprometidas como de las que no.<\/p>\n<p>De la misma manera, para garantizar el cuidado y la protecci\u00f3n de datos, ESET recomienda:<\/p>\n<ul>\n<li>Contar con un software de seguridad adecuado y actualizado.<\/li>\n<li>Confiar en contrase\u00f1as \u00fanicas y robustas para cada cuenta.<\/li>\n<li>Usar el doble factor de autenticaci\u00f3n siempre que sea posible.<\/li>\n<li>Utilizar solamente conexiones wifi de confianza.<\/li>\n<li>Realizar copias de seguridad con relativa frecuencia y comprobar que funcionen correctamente.<\/li>\n<li>Mantener actualizadas las aplicaciones y el sistema operativo.<\/li>\n<\/ul>\n<p>Para controlar la exposici\u00f3n de los datos de las personas surgieron muchos tipos de regulaciones locales, regionales y globales- que buscan garantizar la integridad de la informaci\u00f3n de los usuarios y clientes. En este sentido ESET acerca las Gu\u00edas de Certificaci\u00f3n para empresas, de manera de conocer qu\u00e9 normativa rige en cada pa\u00eds y c\u00f3mo cumplirlas.<\/p>\n","protected":false},"excerpt":{"rendered":"<p>El D\u00eda Internacional de la Protecci\u00f3n de Datos conmemora desde 2007 la firma de la Convenci\u00f3n 108, hasta el momento el \u00fanico tratado internacional sobre protecci\u00f3n de datos. El objetivo de la jornada es concientizar sobre las mejores pr\u00e1cticas para proteger a los individuos y su informaci\u00f3n personal, as\u00ed como advertir sobre los riesgos del [&hellip;]<\/p>\n","protected":false},"author":2,"featured_media":7769,"comment_status":"closed","ping_status":"open","sticky":false,"template":"","format":"standard","meta":[],"categories":[93,986,2],"tags":[988],"wppr_data":[],"_links":{"self":[{"href":"https:\/\/www.notaoficial.com\/s\/wp-json\/wp\/v2\/posts\/7768"}],"collection":[{"href":"https:\/\/www.notaoficial.com\/s\/wp-json\/wp\/v2\/posts"}],"about":[{"href":"https:\/\/www.notaoficial.com\/s\/wp-json\/wp\/v2\/types\/post"}],"author":[{"embeddable":true,"href":"https:\/\/www.notaoficial.com\/s\/wp-json\/wp\/v2\/users\/2"}],"replies":[{"embeddable":true,"href":"https:\/\/www.notaoficial.com\/s\/wp-json\/wp\/v2\/comments?post=7768"}],"version-history":[{"count":1,"href":"https:\/\/www.notaoficial.com\/s\/wp-json\/wp\/v2\/posts\/7768\/revisions"}],"predecessor-version":[{"id":7770,"href":"https:\/\/www.notaoficial.com\/s\/wp-json\/wp\/v2\/posts\/7768\/revisions\/7770"}],"wp:featuredmedia":[{"embeddable":true,"href":"https:\/\/www.notaoficial.com\/s\/wp-json\/wp\/v2\/media\/7769"}],"wp:attachment":[{"href":"https:\/\/www.notaoficial.com\/s\/wp-json\/wp\/v2\/media?parent=7768"}],"wp:term":[{"taxonomy":"category","embeddable":true,"href":"https:\/\/www.notaoficial.com\/s\/wp-json\/wp\/v2\/categories?post=7768"},{"taxonomy":"post_tag","embeddable":true,"href":"https:\/\/www.notaoficial.com\/s\/wp-json\/wp\/v2\/tags?post=7768"}],"curies":[{"name":"wp","href":"https:\/\/api.w.org\/{rel}","templated":true}]}}