{"id":7771,"date":"2020-02-29T13:05:15","date_gmt":"2020-02-29T17:05:15","guid":{"rendered":"http:\/\/www.notaoficial.com\/s\/?p=7771"},"modified":"2020-02-29T11:10:14","modified_gmt":"2020-02-29T15:10:14","slug":"mahou-invita-a-creadores-valencianos-a-reinterpretar-las-fallas","status":"publish","type":"post","link":"https:\/\/www.notaoficial.com\/s\/2020\/02\/29\/mahou-invita-a-creadores-valencianos-a-reinterpretar-las-fallas\/","title":{"rendered":"Mahou invita a creadores valencianos a reinterpretar las Fallas"},"content":{"rendered":"<p>Mahou se instalar\u00e1 durante las pr\u00f3ximas Fallas en el Centre del Carme (CCCC) con su <strong>Casal Cinco Estrellas<\/strong>, una colaboraci\u00f3n que refleja el esp\u00edritu innovadorque comparten este espacio expositivo y la marca cervecera. El resultado es una completa agenda de experiencias culturales y musicales gratuitas que se celebrar\u00e1nlos d\u00edas <strong>14, 15, 17 y 18 de marzo<\/strong>, y que contar\u00e1n con una <strong>fiesta de inauguraci\u00f3n <\/strong>el d\u00eda\u00a0<strong>7<\/strong>. Una propuesta que invita a vivir las Fallas de una manera diferente y a compartir el sabor del tardeo m\u00e1s creativo y joven de la ciudad, desde las 17.00h hasta las 22.00h.<\/p>\n<p>Mahou se suma a estas fiestas invitando a creadores valencianos a reinterpretar -desde un punto de vista muy contempor\u00e1neo- los iconos y s\u00edmbolos de la fiesta fallera, desde la masclet\u00e0 al himno \u201cEl Fallero\u201d.<\/p>\n<p>As\u00ed, la Mahouclet\u00e0 dar\u00e1 todos los d\u00edas el pistoletazo de salida a los tardeos en el Casal Cinco Estrellas. Una masclet\u00e0 reinterpretada con un toque urbano que ofrecer\u00e1 una innovadora instalaci\u00f3n visual y sonora, obra del <strong>estudio creativo Vitamin,<\/strong> en la que los tradicionales petardos se sustituir\u00e1n por el sonido de la apertura de 120 tercios, sincronizados con una base musical dise\u00f1ada por <strong><a href=\"http:\/\/noiz.es\" target=\"_blank\" rel=\"noopener noreferrer\" data-saferedirecturl=\"https:\/\/www.google.com\/url?q=http:\/\/noiz.es&amp;source=gmail&amp;ust=1583073784907000&amp;usg=AFQjCNHcCVCquKLihKppH8os6AFtrMOO6g\">noiz.es<\/a><\/strong> y el d\u00fao valenciano <strong>Mueveloreina<\/strong>.<\/p>\n<p>El\u00a0<em>street ar t<\/em>llegar\u00e1 de la mano de los artistas urbanos <strong>David de Lim\u00f3n<\/strong>, <strong>La Nena Wapa Wapa<\/strong> y <strong>Disneylexya<\/strong> que, por primera vez, interpretar\u00e1n el himno tradicional \u201cEl Fallero\u201d a ritmo de spray sobre los paneles instalados en el claustro g\u00f3tico\u00a0del Centre del Carme. Durante los cinco d\u00edas de apertura, pintar\u00e1n en directo y vestir\u00e1n con sus grafitis el Casal Cinco Estrellas y las vallas que rodean las principales fallas de la secci\u00f3n especial con las que Mahou colabora.<\/p>\n<p><strong>Unas Fallas con ritmo<\/strong><\/p>\n<p>La plataforma <strong>Vibra Mahou<\/strong> pondr\u00e1 m\u00fasica a las Fallas con una doble sesi\u00f3n diaria de conciertos yDjsa partir de las 19:30h, despu\u00e9s de la Mahouclet\u00e0. Estos directos llenar\u00e1n las tardes del ritmo m\u00e1s urbano con los conciertos de distintas corrientes y estilos musicales. Desde los ecl\u00e9cticos\u00a0<strong>Mueveloreina<\/strong>, al indie rock de<strong>The Parrots<\/strong>, pasando por eltechnopop de <strong>Monterrosa<\/strong> y el electropop de <strong>Amatria<\/strong>. No faltar\u00e1n tampoco sesiones de DJs, con nombres como<strong> Wisemen Project<\/strong>, <strong>Dj Inmir, Axel Pi (Sidonie) Dj Set<\/strong> o <strong>Roc\u00edo (Las Chillers) Dj Set<\/strong>. Toda una experiencia que har\u00e1 vibrar a\u00fan m\u00e1s esta fiesta con unos directos \u00fanicos.<\/p>\n<p>Adem\u00e1s, durante todas estas jornadas, valencianos y visitantes tendr\u00e1n la ocasi\u00f3n de aprender a tirar -y saborear- la ca\u00f1a maestra. El Casal Cinco Estrellas del Centre del Carme acoger\u00e1 distintos talleres de tiraje gratuitos, previa inscripci\u00f3n en <a href=\"http:\/\/granconvoy.trckacbm.com\/url\/ver\/45059500\/\/930870\/ae841f8e827c55f42c64585cb5e285e0\" target=\"_blank\" rel=\"noopener noreferrer\" data-saferedirecturl=\"https:\/\/www.google.com\/url?q=http:\/\/granconvoy.trckacbm.com\/url\/ver\/45059500\/\/930870\/ae841f8e827c55f42c64585cb5e285e0&amp;source=gmail&amp;ust=1583073784907000&amp;usg=AFQjCNFHV6rAdWfHBEiwGenyp4hnAxnSgA\">www.mahou.es\/<wbr \/>casalcincoestrellas<\/a><\/p>\n<p><strong>Unas Fallas m\u00e1s sostenibles<\/strong><\/p>\n<p>Mahou, fiel a su compromiso con la sostenibilidad, repartir\u00e1 vasos de cart\u00f3n reciclados tanto en el Casal Cinco Estrellas como en el resto de fallas con las que colabora y en los puntos de venta habituales.<\/p>\n<p>Unas Fallas llenas de propuestas muy urbanas con las que Mahou quiere invitar a disfrutar juntos de estas fiestas con encuentros musicales, art\u00edsticos y de ocio llenos de sabor.<\/p>\n<p><strong>Programaci\u00f3n Casal Cinco Estrellas<\/strong><\/p>\n<p>\u2022\u00a0\u00a0 \u00a0<strong>S\u00e1bado 7 marzo<\/strong><br \/>\nFiesta de inauguraci\u00f3n Casal Cinco Estrellas<br \/>\n17.00h Taller de tiraje(por inscripci\u00f3n)<br \/>\n17.30h Reinterpretaci\u00f3n El Fallero \u2013 Street Art<br \/>\n19.00hMahouclet\u00e0<br \/>\n19.00h Concierto Mueveloreina<br \/>\n20.15h Wisemen Project Dj set<br \/>\n22.00h Cierre<\/p>\n<p>\u2022\u00a0\u00a0 \u00a0<strong>S\u00e1bado 14 marzo<\/strong><br \/>\n17.00h Taller de tiraje(por inscripci\u00f3n)<br \/>\n17.30h Reinterpretaci\u00f3n El Fallero \u2013 Street Art<br \/>\n19.00hMahouclet\u00e0<br \/>\n19.00h Concierto The Parrots<br \/>\n20.15h Axel Pi (Sidonie) Dj Set<br \/>\n22.00h Cierre<\/p>\n<p>\u2022\u00a0\u00a0 \u00a0<strong>Domingo 15 marzo<\/strong><br \/>\n17.00h Taller de tiraje (por inscripci\u00f3n)<br \/>\n17.30h Reinterpretaci\u00f3n El Fallero \u2013 Street Art<br \/>\n19.00h Mahouclet\u00e0<br \/>\n19.00h Concierto Dilo Carlota + Sra. Trueno Negro<br \/>\n20.15h Dj Vista Hermosa + Pilato (Cero en Conducta Dj)<br \/>\n22.00h Cierre<\/p>\n<p>\u2022\u00a0\u00a0 \u00a0<strong>Martes 17 marzo<\/strong><br \/>\n17.00h Taller de tiraje(por inscripci\u00f3n)<br \/>\n17.30h Reinterpretaci\u00f3n El Fallero \u2013 Street Art<br \/>\n19.00h Mahouclet\u00e0<br \/>\n19.00h Concierto Monterrosa<br \/>\n20.15h Roc\u00edo (Las Chillers) Dj Set<br \/>\n22.00h Cierre<\/p>\n<p>\u2022\u00a0\u00a0 \u00a0<strong>Mi\u00e9rcoles 18 marzo<\/strong><br \/>\n17.00h Taller de tiraje(por inscripci\u00f3n)<br \/>\n17.30h Reinterpretaci\u00f3n El Fallero \u2013 Street Art<br \/>\n19.00h Mahouclet\u00e0<br \/>\n19.00h Concierto Amatria<br \/>\n20.15h Dj Innmir<br \/>\n22.00h Cierre<\/p>\n<p><strong>Para m\u00e1s informaci\u00f3n:<\/strong><br \/>\n<a href=\"http:\/\/granconvoy.trckacbm.com\/url\/ver\/45059500\/\/930870\/ae841f8e827c55f42c64585cb5e285e0\" target=\"_blank\" rel=\"noopener noreferrer\" data-saferedirecturl=\"https:\/\/www.google.com\/url?q=http:\/\/granconvoy.trckacbm.com\/url\/ver\/45059500\/\/930870\/ae841f8e827c55f42c64585cb5e285e0&amp;source=gmail&amp;ust=1583073784907000&amp;usg=AFQjCNFHV6rAdWfHBEiwGenyp4hnAxnSgA\">www.mahou.es\/<wbr \/>casalcincoesterellas<\/a><\/p>\n","protected":false},"excerpt":{"rendered":"<p>Mahou se instalar\u00e1 durante las pr\u00f3ximas Fallas en el Centre del Carme (CCCC) con su Casal Cinco Estrellas, una colaboraci\u00f3n que refleja el esp\u00edritu innovadorque comparten este espacio expositivo y la marca cervecera. El resultado es una completa agenda de experiencias culturales y musicales gratuitas que se celebrar\u00e1nlos d\u00edas 14, 15, 17 y 18 de [&hellip;]<\/p>\n","protected":false},"author":2,"featured_media":7772,"comment_status":"closed","ping_status":"open","sticky":false,"template":"","format":"standard","meta":[],"categories":[146],"tags":[8503,8496,8498,8500,8502,8504,8499,8506,7678,8505,8146,8497,8501],"wppr_data":[],"_links":{"self":[{"href":"https:\/\/www.notaoficial.com\/s\/wp-json\/wp\/v2\/posts\/7771"}],"collection":[{"href":"https:\/\/www.notaoficial.com\/s\/wp-json\/wp\/v2\/posts"}],"about":[{"href":"https:\/\/www.notaoficial.com\/s\/wp-json\/wp\/v2\/types\/post"}],"author":[{"embeddable":true,"href":"https:\/\/www.notaoficial.com\/s\/wp-json\/wp\/v2\/users\/2"}],"replies":[{"embeddable":true,"href":"https:\/\/www.notaoficial.com\/s\/wp-json\/wp\/v2\/comments?post=7771"}],"version-history":[{"count":1,"href":"https:\/\/www.notaoficial.com\/s\/wp-json\/wp\/v2\/posts\/7771\/revisions"}],"predecessor-version":[{"id":7773,"href":"https:\/\/www.notaoficial.com\/s\/wp-json\/wp\/v2\/posts\/7771\/revisions\/7773"}],"wp:featuredmedia":[{"embeddable":true,"href":"https:\/\/www.notaoficial.com\/s\/wp-json\/wp\/v2\/media\/7772"}],"wp:attachment":[{"href":"https:\/\/www.notaoficial.com\/s\/wp-json\/wp\/v2\/media?parent=7771"}],"wp:term":[{"taxonomy":"category","embeddable":true,"href":"https:\/\/www.notaoficial.com\/s\/wp-json\/wp\/v2\/categories?post=7771"},{"taxonomy":"post_tag","embeddable":true,"href":"https:\/\/www.notaoficial.com\/s\/wp-json\/wp\/v2\/tags?post=7771"}],"curies":[{"name":"wp","href":"https:\/\/api.w.org\/{rel}","templated":true}]}}