{"id":7846,"date":"2020-03-11T12:26:43","date_gmt":"2020-03-11T16:26:43","guid":{"rendered":"http:\/\/www.notaoficial.com\/s\/?p=7846"},"modified":"2020-03-11T12:26:43","modified_gmt":"2020-03-11T16:26:43","slug":"la-caceria-llega-a-las-salas-de-cines-unidos","status":"publish","type":"post","link":"https:\/\/www.notaoficial.com\/s\/2020\/03\/11\/la-caceria-llega-a-las-salas-de-cines-unidos\/","title":{"rendered":"\u00abLa Cacer\u00eda\u00bb llega a las salas de Cines Unidos"},"content":{"rendered":"<p>Cines Unidos anuncia el estreno de \u201cLa Cacer\u00eda\u201d, la nueva pel\u00edcula de Universal Pictures que sigue la tendencia del terror elevado, cuyas tramas y renovaron el g\u00e9nero en el milenio. La cinta toca una serie de temas controversiales de la agenda actual, como las diferencias sociales mostradas en las cintas ganadoras del Oscar en el a\u00f1o. Las clases se enfrentan en una batalla campal, dentro del conflicto brutal de la historia original.<\/p>\n<p>Doce extra\u00f1os se despiertan en el claro de un bosque con muchas preguntas sin respuesta. \u00bfD\u00f3nde est\u00e1n? \u00bfC\u00f3mo llegaron all\u00ed? \u00bfY por qu\u00e9 o con qu\u00e9 prop\u00f3sito est\u00e1n ah\u00ed? La respuesta a todas esas preguntas es: La caza, un juego macabro ideado por miembros de las \u00e9lites globales, que se re\u00fanen en un punto remoto o una casa para cazar humanos por diversi\u00f3n. Ellos son las presas; el resto, los cazadores.<\/p>\n<p>El director Craig Zobel vuelve a las pantallas con un filme inquietante y retador para los espectadores j\u00f3venes y adultos contempor\u00e1neos, quienes aprecian las propuestas de los creadores independientes y alternativos. El realizador se puso al servicio de un proyecto generado por la famosa casa Blumhouse, donde se desarrollan y difunden algunas de las obras maestras del p\u00e1nico global. Los cr\u00edticos valoran la evoluci\u00f3n del responsable de la producci\u00f3n, pues hizo un satisfactorio trabajo con el guion escrito por Damon Lindelof, el chico malo de la televisi\u00f3n pol\u00e9mica, cruda y dram\u00e1tica de la \u00faltima d\u00e9cada.<\/p>\n<p>En el reparto figuran estrellas y actores reconocidos por la academia. Hilary Swank sobresale en uno de los papeles protag\u00f3nicos del elenco, siendo secundada por profesionales de primer nivel como son Emma Roberts, Justin Hartley, Ike Barinholtz, Glenn Howerton, Sylvia Grace Crim, Dean J. West, Hans Marrero, Iyad Hajjaj, Ned Yousef, Betty Gilpin, Amy Madigan, Teri Wyble y Wayne Duvall.<\/p>\n<p>\u201cLa Cacer\u00eda\u201d llega a las salas de Cines Unidos, ubicadas en las principales ciudades del pa\u00eds, desde el pr\u00f3ximo viernes 13 de marzo.<\/p>\n","protected":false},"excerpt":{"rendered":"<p>Cines Unidos anuncia el estreno de \u201cLa Cacer\u00eda\u201d, la nueva pel\u00edcula de Universal Pictures que sigue la tendencia del terror elevado, cuyas tramas y renovaron el g\u00e9nero en el milenio. La cinta toca una serie de temas controversiales de la agenda actual, como las diferencias sociales mostradas en las cintas ganadoras del Oscar en el [&hellip;]<\/p>\n","protected":false},"author":2,"featured_media":7847,"comment_status":"closed","ping_status":"open","sticky":false,"template":"","format":"standard","meta":[],"categories":[4747,93,2],"tags":[8561,8560,4770,8564,8556,8551,8554,8557,8553,8558,8552,8559,8555,8562,8563],"wppr_data":[],"_links":{"self":[{"href":"https:\/\/www.notaoficial.com\/s\/wp-json\/wp\/v2\/posts\/7846"}],"collection":[{"href":"https:\/\/www.notaoficial.com\/s\/wp-json\/wp\/v2\/posts"}],"about":[{"href":"https:\/\/www.notaoficial.com\/s\/wp-json\/wp\/v2\/types\/post"}],"author":[{"embeddable":true,"href":"https:\/\/www.notaoficial.com\/s\/wp-json\/wp\/v2\/users\/2"}],"replies":[{"embeddable":true,"href":"https:\/\/www.notaoficial.com\/s\/wp-json\/wp\/v2\/comments?post=7846"}],"version-history":[{"count":1,"href":"https:\/\/www.notaoficial.com\/s\/wp-json\/wp\/v2\/posts\/7846\/revisions"}],"predecessor-version":[{"id":7848,"href":"https:\/\/www.notaoficial.com\/s\/wp-json\/wp\/v2\/posts\/7846\/revisions\/7848"}],"wp:featuredmedia":[{"embeddable":true,"href":"https:\/\/www.notaoficial.com\/s\/wp-json\/wp\/v2\/media\/7847"}],"wp:attachment":[{"href":"https:\/\/www.notaoficial.com\/s\/wp-json\/wp\/v2\/media?parent=7846"}],"wp:term":[{"taxonomy":"category","embeddable":true,"href":"https:\/\/www.notaoficial.com\/s\/wp-json\/wp\/v2\/categories?post=7846"},{"taxonomy":"post_tag","embeddable":true,"href":"https:\/\/www.notaoficial.com\/s\/wp-json\/wp\/v2\/tags?post=7846"}],"curies":[{"name":"wp","href":"https:\/\/api.w.org\/{rel}","templated":true}]}}