{"id":7944,"date":"2020-04-29T11:07:15","date_gmt":"2020-04-29T15:07:15","guid":{"rendered":"https:\/\/www.notaoficial.com\/s\/?p=7944"},"modified":"2020-04-29T11:07:15","modified_gmt":"2020-04-29T15:07:15","slug":"estreno-lunes-4-de-mayo-20-anos-no-son-nada","status":"publish","type":"post","link":"https:\/\/www.notaoficial.com\/s\/2020\/04\/29\/estreno-lunes-4-de-mayo-20-anos-no-son-nada\/","title":{"rendered":"Estreno Lunes 4 de mayo \u00ab20 a\u00f1os no son nada\u00bb"},"content":{"rendered":"<div>Desde <a href=\"https:\/\/facebook.us14.list-manage.com\/track\/click?u=c8e224854b2b1d2ad64efa496&amp;id=b0d2403a90&amp;e=e46cab3274\" target=\"_blank\" rel=\"noopener noreferrer\" data-saferedirecturl=\"https:\/\/www.google.com\/url?hl=es&amp;q=https:\/\/facebook.us14.list-manage.com\/track\/click?u%3Dc8e224854b2b1d2ad64efa496%26id%3Db0d2403a90%26e%3De46cab3274&amp;source=gmail&amp;ust=1588258966903000&amp;usg=AFQjCNHnSqry77vpCpuiIQX9l_xGq0Lflw\">A New Label<\/a> \/ <a href=\"https:\/\/facebook.us14.list-manage.com\/track\/click?u=c8e224854b2b1d2ad64efa496&amp;id=d8f27a32be&amp;e=e46cab3274\" target=\"_blank\" rel=\"noopener noreferrer\" data-saferedirecturl=\"https:\/\/www.google.com\/url?hl=es&amp;q=https:\/\/facebook.us14.list-manage.com\/track\/click?u%3Dc8e224854b2b1d2ad64efa496%26id%3Dd8f27a32be%26e%3De46cab3274&amp;source=gmail&amp;ust=1588258966904000&amp;usg=AFQjCNE15IihQMn45E7ztg_j6sYxCVAZyg\">Intertour\u00a0 Music Agency<\/a> \/ <a href=\"https:\/\/facebook.us14.list-manage.com\/track\/click?u=c8e224854b2b1d2ad64efa496&amp;id=ce554ceaf5&amp;e=e46cab3274\" target=\"_blank\" rel=\"noopener noreferrer\" data-saferedirecturl=\"https:\/\/www.google.com\/url?hl=es&amp;q=https:\/\/facebook.us14.list-manage.com\/track\/click?u%3Dc8e224854b2b1d2ad64efa496%26id%3Dce554ceaf5%26e%3De46cab3274&amp;source=gmail&amp;ust=1588258966904000&amp;usg=AFQjCNGfxCaky4Iuw0AWhB-S2e5z5VhxAg\">Virus Entertainment<\/a> os presentamos el documental \u00ab20 a\u00f1os no son nada\u00bb que abarca la segunda parte de la carrera de JORGE SAL\u00c1N. A continuaci\u00f3n podemos ver el <a href=\"https:\/\/facebook.us14.list-manage.com\/track\/click?u=c8e224854b2b1d2ad64efa496&amp;id=e17496d733&amp;e=e46cab3274\" target=\"_blank\" rel=\"noopener noreferrer\" data-saferedirecturl=\"https:\/\/www.google.com\/url?hl=es&amp;q=https:\/\/facebook.us14.list-manage.com\/track\/click?u%3Dc8e224854b2b1d2ad64efa496%26id%3De17496d733%26e%3De46cab3274&amp;source=gmail&amp;ust=1588258966904000&amp;usg=AFQjCNEb-ssP9NDhMh-DfljifdBmqlKuaQ\">tr\u00e1iler oficial<\/a> del mismo (<a href=\"https:\/\/facebook.us14.list-manage.com\/track\/click?u=c8e224854b2b1d2ad64efa496&amp;id=3aa3d88c7b&amp;e=e46cab3274\" target=\"_blank\" rel=\"noopener noreferrer\" data-saferedirecturl=\"https:\/\/www.google.com\/url?hl=es&amp;q=https:\/\/facebook.us14.list-manage.com\/track\/click?u%3Dc8e224854b2b1d2ad64efa496%26id%3D3aa3d88c7b%26e%3De46cab3274&amp;source=gmail&amp;ust=1588258966904000&amp;usg=AFQjCNGp91JAMRcA_xmUZFRRTogSvzQDrA\"><em>tambi\u00e9n en ingl\u00e9s<\/em><\/a>)&#8230; El lunes 4 de mayo lo tendremos disponible, e iremos desvelando m\u00e1s sorpresas relacionadas con esto en pr\u00f3ximos d\u00edas. Pero primero vamos a presentaros el documental en s\u00ed y el contenido del mismo. Comienza\u00a0 el propio Jorge:<\/div>\n<div><\/div>\n<div><em>\u00ab20 a\u00f1os no son nada\u00bb es mi historia personal de Rock and Roll. En 20 a\u00f1os nunca he llegado a un punto en esta profesi\u00f3n de poder relajarme. Nunca he podido decir, (&#8230;) tengo un par de \u00e9xitos y vivo autocomplaciente el resto de mi vida (&#8230;). Las agotadoras carreteras, los derechazos aguantados en el ring de las emociones, y esa duda, esa puta duda que s\u00f3lo la aguanta la locura y el que ama lo que hace, no han hecho si no hacerme mejorar.\u00bb<\/em><\/p>\n<p>Recogiendo el testigo de lo que es \u00ab<a href=\"https:\/\/facebook.us14.list-manage.com\/track\/click?u=c8e224854b2b1d2ad64efa496&amp;id=bfa3086c3b&amp;e=e46cab3274\" target=\"_blank\" rel=\"noopener noreferrer\" data-saferedirecturl=\"https:\/\/www.google.com\/url?hl=es&amp;q=https:\/\/facebook.us14.list-manage.com\/track\/click?u%3Dc8e224854b2b1d2ad64efa496%26id%3Dbfa3086c3b%26e%3De46cab3274&amp;source=gmail&amp;ust=1588258966904000&amp;usg=AFQjCNFnfGlgMD7JyEkW3OHa7yP3gZkzXQ\">No looking back<\/a>\u00ab, el documental sobre la primera parte de su historia, aqu\u00ed tenemos un fiel reflejo de lo que es la \u00faltima parte de la carrera del guitarrista y cantante hasta ahora. En una hora de preciso y atractivo relato audiovisual, podemos ir descubriendo las claves del estilo heterog\u00e9neo y particular de JORGE SALAN, mientras vamos repasando\u00a0las bandas y proyectos en los que est\u00e1 y ha estado involucrado nuestro protagonista en los \u00faltimos tiempos. Por supuesto hay homenaje a su ciudad, Madrid, pero sobre todo quiere rendir tributo al blues, al rock y al metal, como los estilos principales que han marcado su carrera.<\/div>\n<p>Este documental estaba previsto que saliera a la luz en noviembre, cuando se cumple por fecha el veinte aniversario, junto a su nuevo disco de vuelta 100% al rock. FInalmente, la compa\u00f1\u00eda y el propio Jorge Sal\u00e1n han decidido adelantarlo en estas fechas como un regalo para los fans&#8230; y cualquier buen amante del rock en general y del m\u00fasico madrile\u00f1o en particular.<\/p>\n<p>Si alguien como Joe Lynn Turner (cantante de RAINBOW, DEEP PURPLE) dice de \u00e9l que \u00abes el perfecto tipo de m\u00fasico completo\u00bb&#8230; Si una leyenda como el bater\u00eda Mike Terrana se quita el sombrero ante tu grandeza como m\u00fasico, tu cultura y bagaje musical. Si el gran Dee Snider (TWISTED SISTER) sienta c\u00e1tedra afirmando que \u00abJorge Rocks!\u00bb&#8230; es que algo importante se ha estado cociendo en la escena internacional del rock alrededor de JORGE SALAN.<\/p>\n<p>No me olvido del benepl\u00e1cito de dos de los m\u00e1s grandes m\u00fasicos de este pa\u00eds como son Fortu de OB\u00daS y Kutxi de MAREA, aparte de contar con el cari\u00f1o, respeto y valoraci\u00f3n de alguien como Miguel R\u00edos, que ha marcado la historia del rock en este pa\u00eds. Si para ellos Jorge Sal\u00e1n es ya una de nuestras referencias musicales y realidades, por algo ser\u00e1&#8230; \u00a1Hasta Amavisca le alaba!&#8230; Recordemos que el ex futbolista (m\u00edtico delantero del Real Madrid y la selecci\u00f3n espa\u00f1ola) es un gran seguidor del rock.<\/p>\n<p>Es imposible no quedar maravillado con la filosof\u00eda vital y musical de Jorge en estos a\u00f1os, sus logros, su forma de entender la m\u00fasica y su af\u00e1n de lucha, superaci\u00f3n y perfecci\u00f3n&#8230; JORGE SAL\u00c1N ya es parte de la historia del rock, del nuestro y tambi\u00e9n a nivel internacional.<\/p>\n<p>Recordemos que JORGE SAL\u00c1N est\u00e1 trabajando en su pr\u00f3ximo disco en solitario, que ser\u00e1 totalmente de rock y hard rock, tras sus incursiones en el blues en los \u00faltimos tiempos. Pero de todo esto tambi\u00e9n se habla en el documental&#8230;<\/p>\n<p>Y s\u00ed, posiblemente en este momento Jorge estar\u00eda en alg\u00fan lugar del mundo tocando rock n\u00b4roll&#8230;<\/p>\n<p>DOCUMENTAL JORGE SAL\u00c1N &#8211; \u00ab20 A\u00f1os No Son Nada\u00bb:<\/p>\n<p>Este \u00abrockumentary\u00bb nos cuenta los veinte a\u00f1os de trayectoria del m\u00fasico espa\u00f1ol Jorge Sal\u00e1n (Madrid, 1982) y c\u00f3mo, aparte de publicar once discos en solitario ya, ha llegado a tocar con algunos de los mejores m\u00fasicos de Rock del mundo. Muchos de los cuales participan en este documental dejando sus testimonios sobre uno de los m\u00fasicos m\u00e1s internacionales que ha dado el Rock espa\u00f1ol.<\/p>\n<p>Con la participaci\u00f3n y colaboraci\u00f3n de:<\/p>\n<p>Dee Snider (TWISTED SISTER)<br \/>\nAVALANCH (casi al completo)<br \/>\nJoel Hoekstra (WHITESNAKE, FOREIGNER y NIGHT RANGER)<br \/>\nJoe Lynn Turner (DEEP PURPLE, RAINBOW)<br \/>\nRodrigo Contreras (ROCK FM)<br \/>\nKee Marcello (EUROPE)<br \/>\nDan Reed (DAN REED NETWORK)<br \/>\nKutxi Romero (MAREA) \/<br \/>\nFortu S\u00e1nchez (OB\u00daS)<br \/>\nSOTO \/ Jeff Scott Soto (SOTO, TALISMAN, JORNEY, AXEL RUDI PELL, YNGWIE&#8230;)<br \/>\nMike Terrana (RAGE, TARJA, AVALANCH&#8230;)<br \/>\nTerry Ilous (GREAT WHITE y XYZ)<br \/>\nDelf\u00edn Jim\u00e9nez (promotor y ex m\u00e1nager de Jorge Sal\u00e1n)<\/p>\n<p>Datos t\u00e9cnicos del documental:<\/p>\n<p>Producido y dirigido por Jorge Sal\u00e1n y Albert Toledano \/ Escrito por Jorge Sal\u00e1n<br \/>\nMontaje, iluminaci\u00f3n y grabaci\u00f3n por Alberto Toledano<br \/>\nDirecci\u00f3n de fotograf\u00eda por Alberto Toledano y Jorge Sal\u00e1n<br \/>\nSonido y mezcla de audio por Jorge Sal\u00e1n en The Utopian Sea Studios<br \/>\nTraducci\u00f3n y subt\u00edtulos por Marta Pardo y Jorge Sal\u00e1n<\/p>\n<p>Gracias por la colaboraci\u00f3n a Edu Sal\u00e1n, Rodrigo Contreras, Thomas St\u00e4hl, Aitor Nova, Roberto Peromingo, TFF, Juanma Aparicio, Mario Testa, Tony Dickinson y V\u00edctor Garc\u00eda.<\/p>\n<p>Enlaces oficiales JORGE SAL\u00c1N:<\/p>\n<p>Web: www.jorgesalan.com \/ Facebook: www.facebook.com\/JorgeSalanOficial<br \/>\nTwitter: www.twitter.com\/salanoficial \/ Instagram: www.instagram.com\/jorgesalanoficial<br \/>\nYoutube: www.youtube.com\/\/jorgesalan \/ Spotify: open.spotify.com\/artist\/jorgesalan<\/p>\n","protected":false},"excerpt":{"rendered":"<p>Desde A New Label \/ Intertour\u00a0 Music Agency \/ Virus Entertainment os presentamos el documental \u00ab20 a\u00f1os no son nada\u00bb que abarca la segunda parte de la carrera de JORGE SAL\u00c1N. A continuaci\u00f3n podemos ver el tr\u00e1iler oficial del mismo (tambi\u00e9n en ingl\u00e9s)&#8230; El lunes 4 de mayo lo tendremos disponible, e iremos desvelando m\u00e1s [&hellip;]<\/p>\n","protected":false},"author":2,"featured_media":7945,"comment_status":"closed","ping_status":"open","sticky":false,"template":"","format":"standard","meta":[],"categories":[146],"tags":[4900],"wppr_data":[],"_links":{"self":[{"href":"https:\/\/www.notaoficial.com\/s\/wp-json\/wp\/v2\/posts\/7944"}],"collection":[{"href":"https:\/\/www.notaoficial.com\/s\/wp-json\/wp\/v2\/posts"}],"about":[{"href":"https:\/\/www.notaoficial.com\/s\/wp-json\/wp\/v2\/types\/post"}],"author":[{"embeddable":true,"href":"https:\/\/www.notaoficial.com\/s\/wp-json\/wp\/v2\/users\/2"}],"replies":[{"embeddable":true,"href":"https:\/\/www.notaoficial.com\/s\/wp-json\/wp\/v2\/comments?post=7944"}],"version-history":[{"count":1,"href":"https:\/\/www.notaoficial.com\/s\/wp-json\/wp\/v2\/posts\/7944\/revisions"}],"predecessor-version":[{"id":7946,"href":"https:\/\/www.notaoficial.com\/s\/wp-json\/wp\/v2\/posts\/7944\/revisions\/7946"}],"wp:featuredmedia":[{"embeddable":true,"href":"https:\/\/www.notaoficial.com\/s\/wp-json\/wp\/v2\/media\/7945"}],"wp:attachment":[{"href":"https:\/\/www.notaoficial.com\/s\/wp-json\/wp\/v2\/media?parent=7944"}],"wp:term":[{"taxonomy":"category","embeddable":true,"href":"https:\/\/www.notaoficial.com\/s\/wp-json\/wp\/v2\/categories?post=7944"},{"taxonomy":"post_tag","embeddable":true,"href":"https:\/\/www.notaoficial.com\/s\/wp-json\/wp\/v2\/tags?post=7944"}],"curies":[{"name":"wp","href":"https:\/\/api.w.org\/{rel}","templated":true}]}}