{"id":7968,"date":"2020-04-30T23:00:37","date_gmt":"2020-05-01T03:00:37","guid":{"rendered":"https:\/\/www.notaoficial.com\/s\/?p=7968"},"modified":"2020-04-30T19:04:31","modified_gmt":"2020-04-30T23:04:31","slug":"este-viernes-cumbre-virtual-el-covid-19-desde-mi-ciudad","status":"publish","type":"post","link":"https:\/\/www.notaoficial.com\/s\/2020\/04\/30\/este-viernes-cumbre-virtual-el-covid-19-desde-mi-ciudad\/","title":{"rendered":"Este viernes Cumbre Virtual \u00abEl Covid-19 Desde Mi Ciudad\u00bb"},"content":{"rendered":"<p align=\"justify\">La Fundaci\u00f3n <strong>CHICAS by Alejandra<\/strong>, principal organizaci\u00f3n y movimiento contra el acoso \u201cbullying\u201d y la injusticia social, celebrar\u00e1 la primera cumbre virtual en su clase, \u201cEl COVID19 Desde Mi Ciudad\u201d.<\/p>\n<p align=\"justify\">La novedosa actividad, impulsada por la plataforma Microsoft Teams, est\u00e1 pautada para este viernes 1 de mayo comenzando a las 11:30 AM (Hora de Puerto Rico) hasta la 1:00 PM.<\/p>\n<p align=\"justify\">Contar\u00e1 con la participaci\u00f3n de mujeres l\u00edderes de m\u00e1s de 10 ciudades de Am\u00e9rica Latina, Puerto Rico y Estados Unidos y ser\u00e1 libre de costo.<\/p>\n<p align=\"justify\">Conjuntamente con la cumbre virtual, la Fundaci\u00f3n CHICAS est\u00e1 presentando su campa\u00f1a digital, #M\u00e1sAmorCeroVirus, la cual llama a la concienciaci\u00f3n y adopci\u00f3n de buenos valores tales como empat\u00eda, resiliencia y amor como herramientas efectivas que cada persona puede utilizar para combatir el coronavirus.<\/p>\n<p align=\"justify\">Exponentes de Argentina, Uruguay, Costa Rica, M\u00e9xico, Rep\u00fablica Domincana, Puerto Rico y Estados Unidos, compartir\u00e1n perspectivas sobre el manejo del COVID19 en sus ciudades, los aciertos, lecciones aprendidas y su visi\u00f3n de futuro.<\/p>\n<p align=\"justify\">\u201cA trav\u00e9s de nuestras computadoras y medios noticiosos, nos hemos convertido en espectadores del nefasto paso de este \u201cenemigo invisible\u201d mientras destruye ciudades y roba miles de vidas,\u201d expres\u00f3 <strong>Frances Ryan<\/strong>, directora ejecutiva de la Fundaci\u00f3n CHICAS by Alejandra.<\/p>\n<p align=\"justify\">\u201cEs un honor contar con la participaci\u00f3n de estas grandes mujeres, que adem\u00e1s de estar aportando a combatir el coronavirus en sus respectivas ciudades, son grandes ejemplos de liderazgo y superaci\u00f3n\u201d puntualiz\u00f3.<\/p>\n<p align=\"justify\">Pero la ola \u201chumanitaria\u201d que ha acompa\u00f1ado el paso del corona virus, Ryan continu\u00f3 diciendo, \u201cha sido hasta m\u00e1s reveladora que la misma pandemia, llam\u00e1ndonos a actuar desde una conciencia de buenos valores como lo son la empat\u00eda, solidaridad, la uni\u00f3n, dedicaci\u00f3n y resiliencia; y haci\u00e9ndonos entender de golpe y porrazo que, a pesar de estar distanciados socialmente, estamos m\u00e1s unidos en nuestra expresi\u00f3n m\u00e1s humana.<\/p>\n<p align=\"justify\">Espectadores de todas partes del mundo tendr\u00e1n numerosas opciones para unirse a la cumbre virtual, impulsada por la plataforma de equipos Microsoft Teams, y a trav\u00e9s de la cual, podr\u00e1n enviar sus preguntas utilizando el \u201cchat\u201d de la aplicaci\u00f3n.<\/p>\n<p align=\"justify\">La aplicaci\u00f3n @Microsoft Teams est\u00e1 disponible para instalar y acceder desde cualquier computadora, \u201claptop\u201d personal, tabletas o tel\u00e9fono m\u00f3vil.<\/p>\n<p align=\"justify\"><strong>Enlace para acceder cumbre virtual <a href=\"https:\/\/sable.madmimi.com\/c\/28511?id=13209546.15129.1.c61b1235c1f63815bb6be459bdac9d6c\" target=\"_blank\" rel=\"noopener noreferrer\" data-saferedirecturl=\"https:\/\/www.google.com\/url?q=https:\/\/sable.madmimi.com\/c\/28511?id%3D13209546.15129.1.c61b1235c1f63815bb6be459bdac9d6c&amp;source=gmail&amp;ust=1588373225832000&amp;usg=AFQjCNFDxHWc6NOu9J2SCRFs2lFIebflHQ\"> https:\/\/bit.ly\/2W7Koxt<\/a>, viernes 1 de mayo, 11:30am \u2013 1:00pm (Hora Puerto Rico).<\/strong><\/p>\n<p align=\"justify\">Adem\u00e1s, en alianza con el peri\u00f3dico Metro de Puerto Rico, la audiencia tambi\u00e9n podr\u00e1 disfrutar de la transmisi\u00f3n \u201cbroadcast\u201d de la cumbre virtual en vivo simplemente visitando la p\u00e1gina Facebook de la publicaci\u00f3n, @Metro Puerto Rico.<\/p>\n<p align=\"justify\"><strong>PARTICIPANTES<\/strong><\/p>\n<p align=\"justify\"><strong>Dra. Isela Acosta<\/strong> &#8211; San Jos\u00e9, Costa Rica. Microbi\u00f3loga y Qu\u00edmica Cl\u00ednica, especialista en Inmunolog\u00eda y Banco de Sangre a cargo de la Jefatura del Laboratorio de Emergencias del Hospital Calder\u00f3n Guarda de la Caja Costarricense de Seguro Social.<\/p>\n<p align=\"justify\"><strong>Ana Patricia Mej\u00eda<\/strong> &#8211; Santo Domingo, Rep\u00fablica Dominicana. Gerente Regional, Microsoft en Rep\u00fablica Dominicana<br \/>\nElizabeth Col\u00f3n &#8211; Chicago, Illinois (USA). Presidenta y Principal Oficial Ejecutivo de Metaphrasis Language &amp; Cultural Solutions.<\/p>\n<p align=\"justify\"><strong>Maria Izunza<\/strong> &#8211; Ciudad M\u00e9xico, M\u00e9xico. Estudiante 12mo, Clase 2020 de The American School Foundation. Aceptada en el programa universitario de Psicolog\u00eda.<\/p>\n<p align=\"justify\"><strong>Gia Mar Ramos<\/strong> &#8211; Gurabo, Puerto Rico. Fundadora y L\u00edder de la organizaci\u00f3n Girl Innovation dedicada a cerrar la brecha de g\u00e9nero para ni\u00f1as en carreras STEM.<\/p>\n<p align=\"justify\"><strong>Amanda Leiz\u00e1n Ryan<\/strong> &#8211; San Juan, Puerto Rico. Senior Clase 2020 y Presidenta del Consejo Estudiantil de Commonwealth-Parkville School, aceptada al Women&#8217;s Leadership Program de la Universidad Bentley, Boston.<\/p>\n<p align=\"justify\"><strong>Carla Qui\u00f1ones<\/strong> &#8211; Trujillo Alto, Puerto Rico. Estudiante Doctorado en Farmacia University of Maryland, Baltimore. Complet\u00f3 su proyecto de investigaci\u00f3n en la Universidad John Hopkins.<\/p>\n<p align=\"justify\"><strong>Jackie Adanero Simeone<\/strong> \u2013 Buenos Aires, Argentina. Ejecutiva Industria Inmueble y Business Life Coach<\/p>\n<p align=\"justify\"><strong>Alicia Gonz\u00e1lez Sparks<\/strong> &#8211; Lima, Per\u00fa. Profesora del Programa International Baccalaureate del Colegio Peruano Brit\u00e1nico y del curr\u00edculo de mercadeo de la Universidad Esan en Lima, Per\u00fa.<\/p>\n<p align=\"justify\"><strong>Gian Nicole Ilarraza<\/strong> &#8211; Vega Alta, Puerto Rico. Profesional de Salud P\u00fablica y estudiante de maestr\u00eda en Epidemiolog\u00eda y Salud P\u00fablica de la Universidad Internacional de Valencia. Actualmente desarrolla el programa de evidencia epidemiol\u00f3gica de su ciudad en el rastreo y manejo de la pandemia.<\/p>\n<p align=\"justify\"><strong>Lic. Rossana Maria Echevarria<\/strong> &#8211; Punta del Este, Uruguay. Psic\u00f3loga Cl\u00ednica especializada en terapia Gelst\u00e1ltica para ni\u00f1os, adolescentes y adultos y Bioflow.<\/p>\n<p align=\"justify\"><strong>Dra. Jacqueline Montero<\/strong>, Lima Per\u00fa. Doctora en Medicina Antienvejecimiento y Medicina Regenerativa, fundadora de la Cl\u00ednica Jacmont.<\/p>\n<p align=\"justify\"><strong>Venus Gin\u00e9s, M.A.P\/ CHWI<\/strong> &#8211; Houston, Texas (USA). Fundadora y Presidenta, D\u00eda de la Mujer Latina Inc. Organizaci\u00f3n latina l\u00edder trabajando con Promotores y Profesionales de la Salud en comunidades hispanas en Estados Unidos.<\/p>\n<p align=\"justify\"><strong>Ana Priscilla Herrera<\/strong> &#8211; Directora Relaciones P\u00fablicas, Reebok.<\/p>\n<p align=\"justify\">COLATERAL Y ENLACES<br \/>\n1- <strong>Enlace Microsoft Teams<\/strong> para acceder cumbre virtual, viernes, 1 de mayo: <a href=\"https:\/\/sable.madmimi.com\/c\/28511?id=13209546.15130.1.1b17363788a3a1daa6136187bc262b41\" target=\"_blank\" rel=\"noopener noreferrer\" data-saferedirecturl=\"https:\/\/www.google.com\/url?q=https:\/\/sable.madmimi.com\/c\/28511?id%3D13209546.15130.1.1b17363788a3a1daa6136187bc262b41&amp;source=gmail&amp;ust=1588373225832000&amp;usg=AFQjCNF0A9UNz2CaOhTtsSR4TtuKoZc_sQ\">https:\/\/bit.ly\/2W7Koxt<\/a><\/p>\n<p align=\"justify\">2- <strong>Sobre la Fundaci\u00f3n CHICAS by Alejandra<\/strong><br \/>\nLa Fundaci\u00f3n CHICAS by Alejandra, es una organizaci\u00f3n y movimiento justicia social creada para promover la diversidad, equidad y felicidad de CHICAS y CHICOS alrededor del mundo. Logra su cometido al apoyar causas que ayudan a eliminar todas las formas del bullying y la discriminaci\u00f3n, apoyando a su vez la educaci\u00f3n como la herramienta de avance y felicidad de todos los ni\u00f1os. Inspirada en el legado de vida de su fundadora, Alejandra S. Leiz\u00e1n Ryan (2005-2015); la Fundaci\u00f3n CHICAS trabaja sobre una plataforma de buenos valores aportando al desarrollo de Embajadores Ciudadanos ocupados por el bienestar de Puerto Rico y dignos representantes de<br \/>\nuna mejor humanidad.<\/p>\n<p align=\"justify\"><strong>CONTACTOS<\/strong><br \/>\nPara m\u00e1s informaci\u00f3n sobre la Fundaci\u00f3n CHICAS by Alejandra o su campa\u00f1a #M\u00e1sAmorCeroVirus favor contactar a Wanda Borrero, Directora de Comunicaciones de Arteaga &amp; Arteaga, 1+ 787 531 6304, <a href=\"mailto:wborrero@arteaga.com\" target=\"_blank\" rel=\"noopener noreferrer\">wborrero@arteaga.com<\/a><\/p>\n<p align=\"justify\">Informaci\u00f3n sobre Microsoft o Microsoft Teams puede comunicarse con Dennis Franco, Director de Comunicaciones Microsoft Caribe, <a href=\"mailto:v-deft@microsoft.com\" target=\"_blank\" rel=\"noopener noreferrer\">v-deft@microsoft.com<\/a><\/p>\n<p>&nbsp;<\/p>\n","protected":false},"excerpt":{"rendered":"<p>La Fundaci\u00f3n CHICAS by Alejandra, principal organizaci\u00f3n y movimiento contra el acoso \u201cbullying\u201d y la injusticia social, celebrar\u00e1 la primera cumbre virtual en su clase, \u201cEl COVID19 Desde Mi Ciudad\u201d. La novedosa actividad, impulsada por la plataforma Microsoft Teams, est\u00e1 pautada para este viernes 1 de mayo comenzando a las 11:30 AM (Hora de Puerto [&hellip;]<\/p>\n","protected":false},"author":2,"featured_media":7969,"comment_status":"closed","ping_status":"open","sticky":false,"template":"","format":"standard","meta":[],"categories":[146],"tags":[210,8603,255,5143],"wppr_data":[],"_links":{"self":[{"href":"https:\/\/www.notaoficial.com\/s\/wp-json\/wp\/v2\/posts\/7968"}],"collection":[{"href":"https:\/\/www.notaoficial.com\/s\/wp-json\/wp\/v2\/posts"}],"about":[{"href":"https:\/\/www.notaoficial.com\/s\/wp-json\/wp\/v2\/types\/post"}],"author":[{"embeddable":true,"href":"https:\/\/www.notaoficial.com\/s\/wp-json\/wp\/v2\/users\/2"}],"replies":[{"embeddable":true,"href":"https:\/\/www.notaoficial.com\/s\/wp-json\/wp\/v2\/comments?post=7968"}],"version-history":[{"count":1,"href":"https:\/\/www.notaoficial.com\/s\/wp-json\/wp\/v2\/posts\/7968\/revisions"}],"predecessor-version":[{"id":7970,"href":"https:\/\/www.notaoficial.com\/s\/wp-json\/wp\/v2\/posts\/7968\/revisions\/7970"}],"wp:featuredmedia":[{"embeddable":true,"href":"https:\/\/www.notaoficial.com\/s\/wp-json\/wp\/v2\/media\/7969"}],"wp:attachment":[{"href":"https:\/\/www.notaoficial.com\/s\/wp-json\/wp\/v2\/media?parent=7968"}],"wp:term":[{"taxonomy":"category","embeddable":true,"href":"https:\/\/www.notaoficial.com\/s\/wp-json\/wp\/v2\/categories?post=7968"},{"taxonomy":"post_tag","embeddable":true,"href":"https:\/\/www.notaoficial.com\/s\/wp-json\/wp\/v2\/tags?post=7968"}],"curies":[{"name":"wp","href":"https:\/\/api.w.org\/{rel}","templated":true}]}}