{"id":8011,"date":"2020-05-12T23:02:54","date_gmt":"2020-05-13T03:02:54","guid":{"rendered":"https:\/\/www.notaoficial.com\/s\/?p=8011"},"modified":"2020-05-12T09:05:23","modified_gmt":"2020-05-12T13:05:23","slug":"il-volo-emilio-stephan-y-mas-este-fin-de-semana-en-cnn-en-espanol","status":"publish","type":"post","link":"https:\/\/www.notaoficial.com\/s\/2020\/05\/12\/il-volo-emilio-stephan-y-mas-este-fin-de-semana-en-cnn-en-espanol\/","title":{"rendered":"Il Volo, Emilio Stephan y m\u00e1s este fin de semana en CNN en Espa\u00f1ol"},"content":{"rendered":"<p>Este fin de semana, la pantalla de\u00a0<strong>CNN en Espa\u00f1ol<\/strong>\u00a0tendr\u00e1 al tr\u00edo italiano <strong><em>Il Volo <\/em><\/strong>desde Hollywood para hablar de la cancelaci\u00f3n de su gira mundial. Se analizar\u00e1n, adem\u00e1s, las medidas que se est\u00e1n implementando para reducir la propagaci\u00f3n del coronavirus.<\/p>\n<p>Asimismo, la audiencia podr\u00e1 viajar a La Habana y saber qu\u00e9 se est\u00e1 haciendo para rescatarla y Emilio Estefan hablar\u00e1 con Andr\u00e9s Oppenheimer sobre qu\u00e9 pasar\u00e1 con la industria de la m\u00fasica despu\u00e9s del Covid-19.<\/p>\n<p>La programaci\u00f3n comienza este viernes 8 de mayo, a las <strong>8:00 p.m. <\/strong>con una nueva emisi\u00f3n de\u00a0 \u00a0<strong><em>Showbiz, Ojo Cr\u00edtico<\/em><\/strong>, con Juan Carlos Arciniegas desde Hollywood, quien entrevista al tr\u00edo de \u00f3pera pop italiano Il Volo que se encontraba en medio de una gira mundial de m\u00e1s de 100 fechas para celebrar su d\u00e9cimo aniversario cuando el coronavirus los oblig\u00f3 a regresar a casa. Despu\u00e9s de 10\u00a0a\u00f1os, Piero, Ignazio y Gianluca reflexionan sobre los aspectos m\u00e1s destacados de su carrera.<\/p>\n<p>El s<strong>\u00e1bado 9 ,\u00a0 a las 7: 00 p.m.<u>, <\/u><em>Vive la Salud<\/em><\/strong>\u00a0busca responder la interrogante acerca de c\u00f3mo est\u00e1n enfrentando la pandemia las sociedades y los gobiernos. \u00bfQu\u00e9 medidas se est\u00e1n implementando para reducir la propagaci\u00f3n del virus?\u00a0La doctora Marisa Azaret, junto a un grupo de expertos, analiza estos y otros temas en una edici\u00f3n especial dedicada al coronavirus.<\/p>\n<p>Ese mismo d\u00eda, a las <strong>9:30 p.m.,<\/strong> Jos\u00e9 Antonio Montenegro\u00a0presenta una nueva entrega de <strong><em>GloboEconom\u00eda<\/em><\/strong>\u00a0desde el NYSE en\u00a0Manhattan, donde aborda el coronavirus y la industria del entretenimiento. Como invitada estar\u00e1 Marisa Paredes, actriz y expresidenta de la Academia de las Artes y las Ciencias Cinematogr\u00e1ficas de Espa\u00f1a.<\/p>\n<p>Mientras la isla de Cuba se transform\u00f3 de la noche a la ma\u00f1ana en un pa\u00eds comunista, la ciudad de La Habana languideci\u00f3 con tristeza El <strong>domingo 10 de mayo, a las 7:00 p.m., \u00a0<em>DocuFilms <\/em><\/strong>presenta el especial <strong><em>Rescatando La Habana<\/em><\/strong>, trabajo que reconoce una obra que est\u00e1 en plena ejecuci\u00f3n: el rescate de La Habana Vieja y sus alrededores, una ciudad que, en 1982, fue declarada Patrimonio de la Humanidad por la UNESCO.<\/p>\n<p>Seguidamente, a las <strong>8:00 p.m., <em>Oppenheimer Presenta <\/em><\/strong>inicia con una entrevista a\u00a0Alejandro Werner, director del Departamento del Hemisferio Occidental del Fondo Monetario Internacional (FMI) y a Emilio Estefan, m\u00fasico y productor cubanoamericano, ganador de varios premios Grammy, quien habla con Andr\u00e9s Oppenheimer sobre cu\u00e1ndo volver\u00e1n los conciertos y espect\u00e1culos en vivo despu\u00e9s del covid-19 y las nuevas formas de ganar dinero para los m\u00fasicos, con los cambios tecnol\u00f3gicos.<\/p>\n<p>A las <strong>9:00 p.m.,<\/strong>\u00a0 <strong><em>En di\u00e1logo con Longobardi<\/em><\/strong>, Marcelo Longobardi\u00a0conversa con Carmen Reinhart, economista de origen cubano de la Universidad de Harvard y Mar\u00eda Cristina Manca, antrop\u00f3loga y trabajadora humanitaria de MSF en Italia para analizar los aspectos econ\u00f3micos y de salud de la pandemia.<\/p>\n<p>Todos los programas se emiten en horario Caracas\/Miami.<\/p>\n","protected":false},"excerpt":{"rendered":"<p>Este fin de semana, la pantalla de\u00a0CNN en Espa\u00f1ol\u00a0tendr\u00e1 al tr\u00edo italiano Il Volo desde Hollywood para hablar de la cancelaci\u00f3n de su gira mundial. Se analizar\u00e1n, adem\u00e1s, las medidas que se est\u00e1n implementando para reducir la propagaci\u00f3n del coronavirus. Asimismo, la audiencia podr\u00e1 viajar a La Habana y saber qu\u00e9 se est\u00e1 haciendo para [&hellip;]<\/p>\n","protected":false},"author":2,"featured_media":8012,"comment_status":"closed","ping_status":"open","sticky":false,"template":"","format":"standard","meta":[],"categories":[146],"tags":[8671,3641,8669,8676,8670,8672,8675,3125,8673,8674,1905],"wppr_data":[],"_links":{"self":[{"href":"https:\/\/www.notaoficial.com\/s\/wp-json\/wp\/v2\/posts\/8011"}],"collection":[{"href":"https:\/\/www.notaoficial.com\/s\/wp-json\/wp\/v2\/posts"}],"about":[{"href":"https:\/\/www.notaoficial.com\/s\/wp-json\/wp\/v2\/types\/post"}],"author":[{"embeddable":true,"href":"https:\/\/www.notaoficial.com\/s\/wp-json\/wp\/v2\/users\/2"}],"replies":[{"embeddable":true,"href":"https:\/\/www.notaoficial.com\/s\/wp-json\/wp\/v2\/comments?post=8011"}],"version-history":[{"count":1,"href":"https:\/\/www.notaoficial.com\/s\/wp-json\/wp\/v2\/posts\/8011\/revisions"}],"predecessor-version":[{"id":8013,"href":"https:\/\/www.notaoficial.com\/s\/wp-json\/wp\/v2\/posts\/8011\/revisions\/8013"}],"wp:featuredmedia":[{"embeddable":true,"href":"https:\/\/www.notaoficial.com\/s\/wp-json\/wp\/v2\/media\/8012"}],"wp:attachment":[{"href":"https:\/\/www.notaoficial.com\/s\/wp-json\/wp\/v2\/media?parent=8011"}],"wp:term":[{"taxonomy":"category","embeddable":true,"href":"https:\/\/www.notaoficial.com\/s\/wp-json\/wp\/v2\/categories?post=8011"},{"taxonomy":"post_tag","embeddable":true,"href":"https:\/\/www.notaoficial.com\/s\/wp-json\/wp\/v2\/tags?post=8011"}],"curies":[{"name":"wp","href":"https:\/\/api.w.org\/{rel}","templated":true}]}}