{"id":8034,"date":"2020-05-14T18:10:02","date_gmt":"2020-05-14T22:10:02","guid":{"rendered":"https:\/\/www.notaoficial.com\/s\/?p=8034"},"modified":"2020-05-14T18:10:02","modified_gmt":"2020-05-14T22:10:02","slug":"diaspora-presenta-el-videoclip-silenci-suicida-con-la-colaboracion-de-carles-caselles-de-smoking-souls","status":"publish","type":"post","link":"https:\/\/www.notaoficial.com\/s\/2020\/05\/14\/diaspora-presenta-el-videoclip-silenci-suicida-con-la-colaboracion-de-carles-caselles-de-smoking-souls\/","title":{"rendered":"DI\u00c0SPORA presenta el videoclip &#8216;Silenci Su\u00efcida&#8217;, con la colaboraci\u00f3n de Carles Caselles, de Smoking Souls"},"content":{"rendered":"<p style=\"text-align: center;\" align=\"justify\">Por Isaac Sult\u00e1n Cohen<\/p>\n<p align=\"justify\"><span style=\"font-size: small;\"><b>DI\u00c0SPORA<\/b>, el grupo de m\u00fasica de la Marina Alta (Pa\u00eds Valenci\u00e0), lanza <b>\u201cSILENCI SU\u00cfCIDA\u201d<\/b>, un single y videoclip donde colabora <b>Carles Caselles<\/b>, cantante de la banda <b>SMOKING SOULS<\/b>.<\/span><\/p>\n<p align=\"justify\"><span style=\"font-size: small;\"><b>DI\u00c0SPORA<\/b> public\u00f3 su primer trabajo en mayo de 2019, <b>\u201cINS\u00c0NIA\u201d<\/b>, un <b>EP<\/b> que muestra un estilo variado, complicado de definir y que no deja indiferente a nadie. Cuenta con 6 canciones grabadas en el estudio <b>On Tracks<\/b> de Pego y mezcladas y masterizadas en los estudios <b>Ultramarinos Costa Brava<\/b>, Sant Feliu de Gu\u00edxols.<\/span><\/p>\n<p align=\"justify\"><span style=\"font-size: small;\">Ahora, afrontan este 2020 con la propuesta de lanzar m\u00e1s singles en formato videoclip hasta llegar a publicar disco a finales de a\u00f1o.<\/span><\/p>\n<p align=\"justify\"><span style=\"font-size: small;\">Con <b>\u201cSILENCI SU\u00cfCIDA\u201d<\/b> buscan nuevos estilos y sonoridades, siempre con el car\u00e1cter innovador que tanto les identifica. La canci\u00f3n habla del silencio como c\u00f3mplice de la violencia, del prligro que corremos tanto colectiva como individualmente cuando pensamos que una agresi\u00f3n hacia cualquier ser vivo es ajena a nosotros, convirti\u00e9ndonos indirectamente en aliados del agresor.<\/span><\/p>\n<p align=\"justify\"><span style=\"font-size: small;\">Han contado de nuevo con <b>On Tracks<\/b> y <b>Ultramarinos Costa Brava<\/b> para registrar la canci\u00f3n. La realizaci\u00f3n del v\u00eddeo ha corrido a cargo de <b>H\u00e9ctor Pinos<\/b>, con la colaboraci\u00f3n de la <b>escuela de teatro de Pego<\/b>.<\/span><\/p>\n<p align=\"center\"><span style=\"font-size: small;\"><em>(VAL)<\/em><\/span><\/p>\n<p align=\"justify\"><span style=\"font-size: small;\"><em><b>DI\u00c0SPORA<\/b>, el grup de m\u00fasica de la Marina Alta (Pa\u00eds Valenci\u00e0), llan\u00e7a <b>\u00abSILENCI SU\u00cfCIDA\u00bb<\/b>,<br \/>\nun single i videoclip on hi col\u00b7labora <b>Carles Caselles<\/b>, cantant de la banda <b>SMOKING SOULS<\/b>.<\/em><\/span><\/p>\n<p align=\"justify\"><span style=\"font-size: small;\"><em><b>DI\u00c0SPORA<\/b> va publicar el seu primer treball a maig de 2019, <b>\u00abINS\u00c0NIA\u00bb<\/b>, un <b>EP<\/b> que mostra un estil variat, complicat de definir i que no deixa indiferent a ning\u00fa. Compta amb 6 can\u00e7ons gravades a l&#8217;estudi <b>On Tracks<\/b> de Pego i mesclades i masteritzades als estudis Ultramarinos <b>Costa Brava,<\/b> Sant Feliu de Gu\u00edxols.<\/em><\/span><\/p>\n<p align=\"justify\"><span style=\"font-size: small;\"><em>Ara, enceten aquest 2020 amb la proposta de llan\u00e7ar m\u00e9s singles amb format videoclip fins arribar a publicar disc a finals d&#8217;any.<\/em><\/span><\/p>\n<p align=\"justify\"><span style=\"font-size: small;\"><em>Amb<b> \u00abSILENCI SU\u00cfCIDA\u00bb<\/b> busquen nous estils i sonoritats, sempre amb el car\u00e0cter innovador que tant els identifica. La can\u00e7\u00f3 parla del silenci com a c\u00f2mplice de la violencia, del perill que correm col\u00b7lectivament i individualment quan pensem que una agressi\u00f3 cap a qualsevol \u00e9sser viu \u00e9s aliena a nosaltres, convertint-nos indirectament en aliats del agressor.<\/em><\/span><\/p>\n<p align=\"justify\"><span style=\"font-size: small;\"><em>Han comptat de nou amb<b> On Tracks<\/b> i <b>Ultramarinos Costa Brava<\/b> per a enregistrar la can\u00e7\u00f3. La realitzaci\u00f3 del v\u00eddeo ha estat en mans d&#8217; <b>H\u00e9ctor Pinos<\/b>, amb la col\u00b7laboraci\u00f3 de l&#8217;<b>escola de teatre de Pego<\/b>.<\/em><\/span><\/p>\n","protected":false},"excerpt":{"rendered":"<p>Por Isaac Sult\u00e1n Cohen DI\u00c0SPORA, el grupo de m\u00fasica de la Marina Alta (Pa\u00eds Valenci\u00e0), lanza \u201cSILENCI SU\u00cfCIDA\u201d, un single y videoclip donde colabora Carles Caselles, cantante de la banda SMOKING SOULS. DI\u00c0SPORA public\u00f3 su primer trabajo en mayo de 2019, \u201cINS\u00c0NIA\u201d, un EP que muestra un estilo variado, complicado de definir y que no [&hellip;]<\/p>\n","protected":false},"author":2,"featured_media":8035,"comment_status":"closed","ping_status":"open","sticky":false,"template":"","format":"standard","meta":[],"categories":[146],"tags":[8684,8677],"wppr_data":[],"_links":{"self":[{"href":"https:\/\/www.notaoficial.com\/s\/wp-json\/wp\/v2\/posts\/8034"}],"collection":[{"href":"https:\/\/www.notaoficial.com\/s\/wp-json\/wp\/v2\/posts"}],"about":[{"href":"https:\/\/www.notaoficial.com\/s\/wp-json\/wp\/v2\/types\/post"}],"author":[{"embeddable":true,"href":"https:\/\/www.notaoficial.com\/s\/wp-json\/wp\/v2\/users\/2"}],"replies":[{"embeddable":true,"href":"https:\/\/www.notaoficial.com\/s\/wp-json\/wp\/v2\/comments?post=8034"}],"version-history":[{"count":1,"href":"https:\/\/www.notaoficial.com\/s\/wp-json\/wp\/v2\/posts\/8034\/revisions"}],"predecessor-version":[{"id":8036,"href":"https:\/\/www.notaoficial.com\/s\/wp-json\/wp\/v2\/posts\/8034\/revisions\/8036"}],"wp:featuredmedia":[{"embeddable":true,"href":"https:\/\/www.notaoficial.com\/s\/wp-json\/wp\/v2\/media\/8035"}],"wp:attachment":[{"href":"https:\/\/www.notaoficial.com\/s\/wp-json\/wp\/v2\/media?parent=8034"}],"wp:term":[{"taxonomy":"category","embeddable":true,"href":"https:\/\/www.notaoficial.com\/s\/wp-json\/wp\/v2\/categories?post=8034"},{"taxonomy":"post_tag","embeddable":true,"href":"https:\/\/www.notaoficial.com\/s\/wp-json\/wp\/v2\/tags?post=8034"}],"curies":[{"name":"wp","href":"https:\/\/api.w.org\/{rel}","templated":true}]}}