{"id":8064,"date":"2020-05-16T14:08:07","date_gmt":"2020-05-16T18:08:07","guid":{"rendered":"https:\/\/www.notaoficial.com\/s\/?p=8064"},"modified":"2020-05-16T10:10:02","modified_gmt":"2020-05-16T14:10:02","slug":"che-sudaka-lanza-su-nuevo-single-la-ley-del-miedo-feat-las-manos-de-filippi","status":"publish","type":"post","link":"https:\/\/www.notaoficial.com\/s\/2020\/05\/16\/che-sudaka-lanza-su-nuevo-single-la-ley-del-miedo-feat-las-manos-de-filippi\/","title":{"rendered":"Che Sudaka lanza su nuevo single \u00abLa Ley del Miedo\u00bb feat. Las Manos de Filippi"},"content":{"rendered":"<p align=\"justify\">\n<p style=\"text-align: center;\" align=\"justify\">Por Alessandro Bazzoni<\/p>\n<p align=\"justify\"><span lang=\"ES-TRAD\">Ya est\u00e1 disponible en todas las plataformas digitales el nuevo single de <b>Che Sudaka<\/b>.<\/span><\/p>\n<p align=\"justify\"><span lang=\"ES-TRAD\"><b>\u201cLa ley del miedo\u201d feat. Las Manos de Filippi<\/b>, es la tercera entrega en el marco de su actual etapa art\u00edstica <b>\u201cConectando\u201d<\/b>.<\/span><\/p>\n<p align=\"justify\"><span lang=\"ES-TRAD\">\u00abEl miedo limita\u00bb, dijo Facundo Cabral. \u201cTe tienen que pasar cosas muy fuertes para que tengas ganas de cantar\u00bb, dice la letra de <b>\u201cLa ley del miedo\u201d<\/b>.<\/span><\/p>\n<p align=\"justify\"><span lang=\"ES-TRAD\">Por eso <b>Che Sudaka<\/b>, acompa\u00f1ado en esta ocasi\u00f3n por <b>Las Manos de Filippi<\/b>, invita a toda la familia planetaria a vibrar en el amor para salir adelante de cualquier situacion adversa.<\/span><\/p>\n<p align=\"justify\"><span lang=\"ES-TRAD\">La verdadera noticia de cada d\u00eda no la dan los noticieros. La noticia es que estamos vivos <b>aqu\u00ed<\/b> y <b>ahora<\/b>. Este es el momento de actuar. De hacer lo que el <b>coraz\u00f3n<\/b> nos dicte. De atender todo aquello que nos haga hervir la sangre. De convencernos de una vez y para siempre de que <b>somos un@<\/b>. EL BIEN ES MAYOR\u00cdA!!!<\/span><\/p>\n<p align=\"justify\"><span lang=\"ES-TRAD\">El encuentro de estas dos familias no es casual. Se trata de dos bandas que saben lo que es tocar en las calles. Dos bandas que son independientes a nivel de gesti\u00f3n y, sobre todo, a nivel art\u00edstico. Dos bandas que tienen miles de corazones latiendo al un\u00edsono en el mundo entero, al son de sus himnos, que revolucionan mentes pero, sobre todo, <b>almas<\/b>.<\/span><\/p>\n<p align=\"justify\"><span lang=\"ES-TRAD\">En lo musical, este tema fusiona de manera org\u00e1nica y natural el sonido del <b>acorde\u00f3n vallenato<\/b> y los <b>tambores<\/b> de la <b>m\u00fasica tradicional colombiana<\/b> con el <b>bandone\u00f3n<\/b> caracter\u00edstico del <b>tango<\/b> y de <b>Buenos Aires<\/b>.<\/span><\/p>\n<p align=\"justify\"><span lang=\"ES-TRAD\">Est\u00e1 todo dicho. Todas las tribus se unen para acabar con <b>\u00abLa ley del miedo\u201d<\/b>.<\/span><\/p>\n","protected":false},"excerpt":{"rendered":"<p>Por Alessandro Bazzoni Ya est\u00e1 disponible en todas las plataformas digitales el nuevo single de Che Sudaka. \u201cLa ley del miedo\u201d feat. Las Manos de Filippi, es la tercera entrega en el marco de su actual etapa art\u00edstica \u201cConectando\u201d. \u00abEl miedo limita\u00bb, dijo Facundo Cabral. \u201cTe tienen que pasar cosas muy fuertes para que tengas [&hellip;]<\/p>\n","protected":false},"author":2,"featured_media":8065,"comment_status":"closed","ping_status":"open","sticky":false,"template":"","format":"standard","meta":[],"categories":[146],"tags":[8606,3648,8711],"wppr_data":{"cwp_meta_box_check":"No"},"_links":{"self":[{"href":"https:\/\/www.notaoficial.com\/s\/wp-json\/wp\/v2\/posts\/8064"}],"collection":[{"href":"https:\/\/www.notaoficial.com\/s\/wp-json\/wp\/v2\/posts"}],"about":[{"href":"https:\/\/www.notaoficial.com\/s\/wp-json\/wp\/v2\/types\/post"}],"author":[{"embeddable":true,"href":"https:\/\/www.notaoficial.com\/s\/wp-json\/wp\/v2\/users\/2"}],"replies":[{"embeddable":true,"href":"https:\/\/www.notaoficial.com\/s\/wp-json\/wp\/v2\/comments?post=8064"}],"version-history":[{"count":1,"href":"https:\/\/www.notaoficial.com\/s\/wp-json\/wp\/v2\/posts\/8064\/revisions"}],"predecessor-version":[{"id":8066,"href":"https:\/\/www.notaoficial.com\/s\/wp-json\/wp\/v2\/posts\/8064\/revisions\/8066"}],"wp:featuredmedia":[{"embeddable":true,"href":"https:\/\/www.notaoficial.com\/s\/wp-json\/wp\/v2\/media\/8065"}],"wp:attachment":[{"href":"https:\/\/www.notaoficial.com\/s\/wp-json\/wp\/v2\/media?parent=8064"}],"wp:term":[{"taxonomy":"category","embeddable":true,"href":"https:\/\/www.notaoficial.com\/s\/wp-json\/wp\/v2\/categories?post=8064"},{"taxonomy":"post_tag","embeddable":true,"href":"https:\/\/www.notaoficial.com\/s\/wp-json\/wp\/v2\/tags?post=8064"}],"curies":[{"name":"wp","href":"https:\/\/api.w.org\/{rel}","templated":true}]}}