{"id":8094,"date":"2020-05-29T10:28:06","date_gmt":"2020-05-29T14:28:06","guid":{"rendered":"https:\/\/www.notaoficial.com\/s\/?p=8094"},"modified":"2020-05-29T10:28:07","modified_gmt":"2020-05-29T14:28:07","slug":"kurt-estreno-ojala-por-todo-lo-alto","status":"publish","type":"post","link":"https:\/\/www.notaoficial.com\/s\/2020\/05\/29\/kurt-estreno-ojala-por-todo-lo-alto\/","title":{"rendered":"Kurt estren\u00f3 \u201cOjal\u00e1\u201d por todo lo alto"},"content":{"rendered":"<p style=\"text-align: center;\">Por Alessandro Bazzoni<\/p>\n<p><strong>\u00a1Se acab\u00f3 la espera!<\/strong> Despu\u00e9s de un tiempo trabajando fuertemente en su primer sencillo promocional, <strong>Kurt lanz\u00f3 el pasado 15 de mayo \u201cOjal\u00e1\u201d, tema con el que se estrena en el mundo de la m\u00fasica venezolana.<\/strong><\/p>\n<p><strong>El tema, escrito por Diego Al\u00e9 y producido por 2K Studios, ya se encuentra en todas las plataformas musicales del novel artista.<\/strong> Tiene con un sonido bastante pegajoso en el que se fusionan g\u00e9neros actuales, destacando el urbano. \u201cLe tengo mucha fe a este tema, pues es mi primer sencillo a nivel profesional y tratamos de hacerlo lo m\u00e1s comercial posible;\u00a0<strong>espero que tenga mucha receptividad y la gente se lo disfrute<\/strong>\u201d, comenta el cantante.<\/p>\n<p>\u201cOjal\u00e1\u201d tambi\u00e9n <strong>cuenta con un videoclip oficial, que ya est\u00e1 disponible en el canal de Youtube de Kurt, <\/strong><strong>y en tan solo cuatro d\u00edas, ya cuenta con\u00a0 m\u00e1s de 61 mil visualizaciones en Youtube de manera org\u00e1nica<\/strong><strong>. <\/strong><\/p>\n<p><strong>El mismo fue dirigido por Diego Al\u00e9, rodado en un conocido hotel cinco estrellas de Caracas y en un <\/strong><strong>manicomio abandonado de El Pe\u00f1\u00f3n.<\/strong> Narra la historia de una mujer que descubre la infidelidad de su novio (Kurt) despu\u00e9s de revisar su celular. Desde ese momento comienzan los problemas del cantante dentro de esta historia, para al final darse cuenta que todo se trataba de un sue\u00f1o.<\/p>\n<p>Sin duda, <strong>esta canci\u00f3n lograr\u00e1 poner en el tapete a este cantante, pues cuenta con una combinaci\u00f3n perfecta de buena calidad: Letra, producci\u00f3n y videoclip. <\/strong>Adem\u00e1s del gran talento y carisma del cantante.<\/p>\n<p><strong>Para conocer m\u00e1s de \u00e9l, pueden seguirlo a trav\u00e9s de sus redes sociales como @kurtlibre.\u00a0<\/strong><\/p>\n","protected":false},"excerpt":{"rendered":"<p>Por Alessandro Bazzoni \u00a1Se acab\u00f3 la espera! Despu\u00e9s de un tiempo trabajando fuertemente en su primer sencillo promocional, Kurt lanz\u00f3 el pasado 15 de mayo \u201cOjal\u00e1\u201d, tema con el que se estrena en el mundo de la m\u00fasica venezolana. El tema, escrito por Diego Al\u00e9 y producido por 2K Studios, ya se encuentra en todas [&hellip;]<\/p>\n","protected":false},"author":2,"featured_media":8095,"comment_status":"closed","ping_status":"open","sticky":false,"template":"","format":"standard","meta":[],"categories":[463,2],"tags":[8606,8735],"wppr_data":{"cwp_meta_box_check":"No"},"_links":{"self":[{"href":"https:\/\/www.notaoficial.com\/s\/wp-json\/wp\/v2\/posts\/8094"}],"collection":[{"href":"https:\/\/www.notaoficial.com\/s\/wp-json\/wp\/v2\/posts"}],"about":[{"href":"https:\/\/www.notaoficial.com\/s\/wp-json\/wp\/v2\/types\/post"}],"author":[{"embeddable":true,"href":"https:\/\/www.notaoficial.com\/s\/wp-json\/wp\/v2\/users\/2"}],"replies":[{"embeddable":true,"href":"https:\/\/www.notaoficial.com\/s\/wp-json\/wp\/v2\/comments?post=8094"}],"version-history":[{"count":1,"href":"https:\/\/www.notaoficial.com\/s\/wp-json\/wp\/v2\/posts\/8094\/revisions"}],"predecessor-version":[{"id":8096,"href":"https:\/\/www.notaoficial.com\/s\/wp-json\/wp\/v2\/posts\/8094\/revisions\/8096"}],"wp:featuredmedia":[{"embeddable":true,"href":"https:\/\/www.notaoficial.com\/s\/wp-json\/wp\/v2\/media\/8095"}],"wp:attachment":[{"href":"https:\/\/www.notaoficial.com\/s\/wp-json\/wp\/v2\/media?parent=8094"}],"wp:term":[{"taxonomy":"category","embeddable":true,"href":"https:\/\/www.notaoficial.com\/s\/wp-json\/wp\/v2\/categories?post=8094"},{"taxonomy":"post_tag","embeddable":true,"href":"https:\/\/www.notaoficial.com\/s\/wp-json\/wp\/v2\/tags?post=8094"}],"curies":[{"name":"wp","href":"https:\/\/api.w.org\/{rel}","templated":true}]}}