{"id":8209,"date":"2020-06-19T04:30:02","date_gmt":"2020-06-19T08:30:02","guid":{"rendered":"https:\/\/www.notaoficial.com\/s\/?p=8209"},"modified":"2020-06-19T01:31:50","modified_gmt":"2020-06-19T05:31:50","slug":"24-7-la-nueva-produccion-de-ilegales","status":"publish","type":"post","link":"https:\/\/www.notaoficial.com\/s\/2020\/06\/19\/24-7-la-nueva-produccion-de-ilegales\/","title":{"rendered":"\u00ab24\/7\u00bb la nueva producci\u00f3n de Ilegales"},"content":{"rendered":"<p style=\"text-align: center;\">Por Isaac Sult\u00e1n Cohen<\/p>\n<p align=\"justify\"><strong>Ilegales<\/strong>, la agrupaci\u00f3n l\u00edder en su g\u00e9nero musical, lanza de manera sorpresiva su producci\u00f3n \u00ab<a href=\"https:\/\/sable.madmimi.com\/c\/28511?id=13869776.15747.1.87882eb85252e2d76fc0575cb7556be0\" target=\"_blank\" rel=\"noopener noreferrer\" data-saferedirecturl=\"https:\/\/www.google.com\/url?q=https:\/\/sable.madmimi.com\/c\/28511?id%3D13869776.15747.1.87882eb85252e2d76fc0575cb7556be0&amp;source=gmail&amp;ust=1592630655768000&amp;usg=AFQjCNF1bSLqXnIpCHpsY1f1R13B-Jp5ew\">24\/7<\/a>\u00ab, creado en su totalidad respetando las normas sanitarias durante la cuarentena.<\/p>\n<p align=\"justify\">\u00abEste \u00e1lbum surgi\u00f3 justamente en este proceso con la producci\u00f3n de <strong>Edwin Garcia<\/strong> desde su hogar en Miami, <strong>El Mago De OZ<\/strong> desde Venezuela y mi hijo <strong>Bryan<\/strong> y yo desde nuestras casas\u00bb expres\u00f3 <strong>Vladimir Dotel<\/strong>, l\u00edder y fundador de la agrupaci\u00f3n quien adem\u00e1s agreg\u00f3 que \u00abTener el privilegio de componer y producir al lado de mi hijo me reboza el coraz\u00f3n de alegr\u00eda\u00bb.<\/p>\n<p align=\"justify\">En este \u00e1lbum se encuentran los temas \u00abLl\u00e9nate De Fe (Reimagined)\u00bb, cuyo v\u00eddeo se hizo viral debido a su mensaje de esperanza, adem\u00e1s del tema \u00abQuien Como Tu\u00bb a duo con el artista venezolano <strong>Omar Enrique.<\/strong>, entre otros.<\/p>\n<p align=\"justify\">Ilegales recibieron recientemente la distinci\u00f3n de Disco de Platino certificado por la RIAA por su exitoso tema \u00abChucucha\u00bb, que se ha convertido en todo un fen\u00f3meno en el mundo.<\/p>\n<p align=\"justify\">\u00ab<a href=\"https:\/\/sable.madmimi.com\/c\/28511?id=13869776.15748.1.c559497ae6c4870915bfa20bb0cd0326\" target=\"_blank\" rel=\"noopener noreferrer\" data-saferedirecturl=\"https:\/\/www.google.com\/url?q=https:\/\/sable.madmimi.com\/c\/28511?id%3D13869776.15748.1.c559497ae6c4870915bfa20bb0cd0326&amp;source=gmail&amp;ust=1592630655768000&amp;usg=AFQjCNGFPnhyvOZ8_9eOrszWAerumQZ2Mg\">24\/7<\/a>\u00bb est\u00e1 disponible a partir de hoy en todas las tiendas digitales mediante la distribuci\u00f3n mundial de La Oreja Media Group.<\/p>\n<p>&nbsp;<\/p>\n","protected":false},"excerpt":{"rendered":"<p>Por Isaac Sult\u00e1n Cohen Ilegales, la agrupaci\u00f3n l\u00edder en su g\u00e9nero musical, lanza de manera sorpresiva su producci\u00f3n \u00ab24\/7\u00ab, creado en su totalidad respetando las normas sanitarias durante la cuarentena. \u00abEste \u00e1lbum surgi\u00f3 justamente en este proceso con la producci\u00f3n de Edwin Garcia desde su hogar en Miami, El Mago De OZ desde Venezuela y [&hellip;]<\/p>\n","protected":false},"author":2,"featured_media":8210,"comment_status":"closed","ping_status":"open","sticky":false,"template":"","format":"standard","meta":[],"categories":[146],"tags":[8677,8824,109],"wppr_data":{"cwp_meta_box_check":"No"},"_links":{"self":[{"href":"https:\/\/www.notaoficial.com\/s\/wp-json\/wp\/v2\/posts\/8209"}],"collection":[{"href":"https:\/\/www.notaoficial.com\/s\/wp-json\/wp\/v2\/posts"}],"about":[{"href":"https:\/\/www.notaoficial.com\/s\/wp-json\/wp\/v2\/types\/post"}],"author":[{"embeddable":true,"href":"https:\/\/www.notaoficial.com\/s\/wp-json\/wp\/v2\/users\/2"}],"replies":[{"embeddable":true,"href":"https:\/\/www.notaoficial.com\/s\/wp-json\/wp\/v2\/comments?post=8209"}],"version-history":[{"count":1,"href":"https:\/\/www.notaoficial.com\/s\/wp-json\/wp\/v2\/posts\/8209\/revisions"}],"predecessor-version":[{"id":8211,"href":"https:\/\/www.notaoficial.com\/s\/wp-json\/wp\/v2\/posts\/8209\/revisions\/8211"}],"wp:featuredmedia":[{"embeddable":true,"href":"https:\/\/www.notaoficial.com\/s\/wp-json\/wp\/v2\/media\/8210"}],"wp:attachment":[{"href":"https:\/\/www.notaoficial.com\/s\/wp-json\/wp\/v2\/media?parent=8209"}],"wp:term":[{"taxonomy":"category","embeddable":true,"href":"https:\/\/www.notaoficial.com\/s\/wp-json\/wp\/v2\/categories?post=8209"},{"taxonomy":"post_tag","embeddable":true,"href":"https:\/\/www.notaoficial.com\/s\/wp-json\/wp\/v2\/tags?post=8209"}],"curies":[{"name":"wp","href":"https:\/\/api.w.org\/{rel}","templated":true}]}}