{"id":8218,"date":"2020-06-21T02:06:23","date_gmt":"2020-06-21T06:06:23","guid":{"rendered":"https:\/\/www.notaoficial.com\/s\/?p=8218"},"modified":"2020-06-21T00:08:11","modified_gmt":"2020-06-21T04:08:11","slug":"reincidentes-estrena-el-video-lyric-los-hijos-de-la-calle","status":"publish","type":"post","link":"https:\/\/www.notaoficial.com\/s\/2020\/06\/21\/reincidentes-estrena-el-video-lyric-los-hijos-de-la-calle\/","title":{"rendered":"Reincidentes estrena el v\u00eddeo-lyric &#8216;Los Hijos de la Calle&#8217;"},"content":{"rendered":"<p style=\"text-align: center;\">Por Alessandro Bazzoni<\/p>\n<p align=\"justify\"><span lang=\"ES-TRAD\"><span style=\"font-size: medium;\"><b>Reincidentes<\/b> estrena hoy el <b>v\u00eddeo-lyric<\/b> de <b>\u201cLos Hijos de la Calle\u201d<\/b>, adelanto de su single compartido con <b>Capit\u00e1n Cobarde<\/b>, sevillano y colega de <b>Reincidentes<\/b> desde hace much\u00edsimo tiempo, con quien ya han colaborado en directo varias veces.<\/span><\/span><\/p>\n<p align=\"justify\"><span lang=\"ES-TRAD\"><span style=\"font-size: medium;\">Para la portada y los dibujos del v\u00eddeo-lyric se ha contado con el ilustrador y dibujante malague\u00f1o <b>Ramone<\/b>, ilustrador de referencia del rock estatal, conocido por sus trabajos con <b>Extremoduro<\/b>, <b>Marea<\/b> o <b>Albert Pla<\/b> y que ya ha colaborado en ocasiones anteriores con <b>Reincidentes<\/b>.<\/span><\/span><\/p>\n<p align=\"justify\"><span lang=\"ES-TRAD\"><span style=\"font-size: medium;\">En esta ocasi\u00f3n, <b>Reincidentes<\/b> ha grabado un tema de <b>Capit\u00e1n Cobarde<\/b>: <b>\u201cLos Hijos de la Calle\u201d<\/b>. Esta canci\u00f3n no est\u00e1 en su discograf\u00eda, ya que est\u00e1 compuesto especialmente para este proyecto. Por su parte, <b>Capit\u00e1n Cobarde<\/b> interpretar\u00e1 el tema <b>\u201cVicio\u201d<\/b>, cuyo lanzamiento ser\u00e1 en un par de semanas. Uno de los grandes cl\u00e1sicos de un grupo que afronta con gran ilusi\u00f3n este nuevo ciclo de composiciones nuevas y colaboraciones, del cual ir\u00e9is teniendo pronto m\u00e1s noticias.<\/span><\/span><\/p>\n<p align=\"justify\"><span lang=\"ES-TRAD\"><span style=\"font-size: medium;\">\u00a1\u00a1Salud y Rock and Roll!!<\/span><\/span><\/p>\n<p>&nbsp;<\/p>\n","protected":false},"excerpt":{"rendered":"<p>Por Alessandro Bazzoni Reincidentes estrena hoy el v\u00eddeo-lyric de \u201cLos Hijos de la Calle\u201d, adelanto de su single compartido con Capit\u00e1n Cobarde, sevillano y colega de Reincidentes desde hace much\u00edsimo tiempo, con quien ya han colaborado en directo varias veces. Para la portada y los dibujos del v\u00eddeo-lyric se ha contado con el ilustrador y [&hellip;]<\/p>\n","protected":false},"author":2,"featured_media":8219,"comment_status":"closed","ping_status":"open","sticky":false,"template":"","format":"standard","meta":[],"categories":[146],"tags":[8606,8827],"wppr_data":{"cwp_meta_box_check":"No"},"_links":{"self":[{"href":"https:\/\/www.notaoficial.com\/s\/wp-json\/wp\/v2\/posts\/8218"}],"collection":[{"href":"https:\/\/www.notaoficial.com\/s\/wp-json\/wp\/v2\/posts"}],"about":[{"href":"https:\/\/www.notaoficial.com\/s\/wp-json\/wp\/v2\/types\/post"}],"author":[{"embeddable":true,"href":"https:\/\/www.notaoficial.com\/s\/wp-json\/wp\/v2\/users\/2"}],"replies":[{"embeddable":true,"href":"https:\/\/www.notaoficial.com\/s\/wp-json\/wp\/v2\/comments?post=8218"}],"version-history":[{"count":1,"href":"https:\/\/www.notaoficial.com\/s\/wp-json\/wp\/v2\/posts\/8218\/revisions"}],"predecessor-version":[{"id":8220,"href":"https:\/\/www.notaoficial.com\/s\/wp-json\/wp\/v2\/posts\/8218\/revisions\/8220"}],"wp:featuredmedia":[{"embeddable":true,"href":"https:\/\/www.notaoficial.com\/s\/wp-json\/wp\/v2\/media\/8219"}],"wp:attachment":[{"href":"https:\/\/www.notaoficial.com\/s\/wp-json\/wp\/v2\/media?parent=8218"}],"wp:term":[{"taxonomy":"category","embeddable":true,"href":"https:\/\/www.notaoficial.com\/s\/wp-json\/wp\/v2\/categories?post=8218"},{"taxonomy":"post_tag","embeddable":true,"href":"https:\/\/www.notaoficial.com\/s\/wp-json\/wp\/v2\/tags?post=8218"}],"curies":[{"name":"wp","href":"https:\/\/api.w.org\/{rel}","templated":true}]}}