{"id":8233,"date":"2020-06-22T05:07:39","date_gmt":"2020-06-22T09:07:39","guid":{"rendered":"https:\/\/www.notaoficial.com\/s\/?p=8233"},"modified":"2020-06-22T02:09:03","modified_gmt":"2020-06-22T06:09:03","slug":"che-sudaka-estrena-el-single-de-colores-junto-a-los-rabanes","status":"publish","type":"post","link":"https:\/\/www.notaoficial.com\/s\/2020\/06\/22\/che-sudaka-estrena-el-single-de-colores-junto-a-los-rabanes\/","title":{"rendered":"CHE SUDAKA estrena el single &#8216;De Colores&#8217; junto a LOS RABANES"},"content":{"rendered":"<p align=\"justify\"><span lang=\"ES-TRAD\">Con la misi\u00f3n de conectar a todas las almas rebeldes del planeta, <b>CHE SUDAKA <\/b>sigue haciendo alquimia musical en el laboratorio de su estudio, <b>Cavern\u00edcola Records<\/b>.<\/span><\/p>\n<p align=\"justify\"><span lang=\"ES-TRAD\">Esta vez, han convertido una de las canciones m\u00e1s emblem\u00e1ticas de la discograf\u00eda de\u00a0<b>LOS RABANES<\/b>\u00a0(m\u00edtica banda paname\u00f1a), <b>\u201cDe Colores\u201d<\/b>, en una cumbia colombiana de dulces tonalidades y rom\u00e1ntica letra. La versi\u00f3n cuenta con la participaci\u00f3n del mism\u00edsimo <b>Emilio Regueira<\/b>, l\u00edder de <b>Los Rabanes<\/b> y autor de la canci\u00f3n original.<\/span><\/p>\n<p align=\"justify\"><span lang=\"ES-TRAD\">El primer encuentro de estas dos bandas se produjo en 2015, en el festival <b>Viva El Planeta<\/b>, en Colombia, y desde aquellos d\u00edas se ha estado cociendo a fuego lento esta nueva versi\u00f3n.<\/span><\/p>\n<p align=\"justify\"><span lang=\"ES-TRAD\">El nexo coordinante m\u00e1s importante entre los dos grupos es, sin lugar a duda, la influencia de <b>Rub\u00e9n Blades<\/b>, tambi\u00e9n de Panam\u00e1, quien particip\u00f3 en la versi\u00f3n original del tema, publicada en 1997 en el segundo disco de los paname\u00f1os llamado \u201cLos Rabanes All Star\u201d.<\/span><\/p>\n<p align=\"justify\"><span lang=\"ES-TRAD\">As\u00ed pues, \u00a1que comience la fiesta <b>\u201cDe Colores\u201d<\/b>!<br \/>\nEl bien es mayor\u00eda, aqu\u00ed y ahora.<br \/>\n\u00a1Arriba la vaina!<\/span><\/p>\n","protected":false},"excerpt":{"rendered":"<p>Con la misi\u00f3n de conectar a todas las almas rebeldes del planeta, CHE SUDAKA sigue haciendo alquimia musical en el laboratorio de su estudio, Cavern\u00edcola Records. Esta vez, han convertido una de las canciones m\u00e1s emblem\u00e1ticas de la discograf\u00eda de\u00a0LOS RABANES\u00a0(m\u00edtica banda paname\u00f1a), \u201cDe Colores\u201d, en una cumbia colombiana de dulces tonalidades y rom\u00e1ntica letra. [&hellip;]<\/p>\n","protected":false},"author":2,"featured_media":8234,"comment_status":"closed","ping_status":"open","sticky":false,"template":"","format":"standard","meta":[],"categories":[146],"tags":[3648,8831],"wppr_data":{"cwp_meta_box_check":"No"},"_links":{"self":[{"href":"https:\/\/www.notaoficial.com\/s\/wp-json\/wp\/v2\/posts\/8233"}],"collection":[{"href":"https:\/\/www.notaoficial.com\/s\/wp-json\/wp\/v2\/posts"}],"about":[{"href":"https:\/\/www.notaoficial.com\/s\/wp-json\/wp\/v2\/types\/post"}],"author":[{"embeddable":true,"href":"https:\/\/www.notaoficial.com\/s\/wp-json\/wp\/v2\/users\/2"}],"replies":[{"embeddable":true,"href":"https:\/\/www.notaoficial.com\/s\/wp-json\/wp\/v2\/comments?post=8233"}],"version-history":[{"count":1,"href":"https:\/\/www.notaoficial.com\/s\/wp-json\/wp\/v2\/posts\/8233\/revisions"}],"predecessor-version":[{"id":8235,"href":"https:\/\/www.notaoficial.com\/s\/wp-json\/wp\/v2\/posts\/8233\/revisions\/8235"}],"wp:featuredmedia":[{"embeddable":true,"href":"https:\/\/www.notaoficial.com\/s\/wp-json\/wp\/v2\/media\/8234"}],"wp:attachment":[{"href":"https:\/\/www.notaoficial.com\/s\/wp-json\/wp\/v2\/media?parent=8233"}],"wp:term":[{"taxonomy":"category","embeddable":true,"href":"https:\/\/www.notaoficial.com\/s\/wp-json\/wp\/v2\/categories?post=8233"},{"taxonomy":"post_tag","embeddable":true,"href":"https:\/\/www.notaoficial.com\/s\/wp-json\/wp\/v2\/tags?post=8233"}],"curies":[{"name":"wp","href":"https:\/\/api.w.org\/{rel}","templated":true}]}}