{"id":8242,"date":"2020-06-23T03:35:33","date_gmt":"2020-06-23T07:35:33","guid":{"rendered":"https:\/\/www.notaoficial.com\/s\/?p=8242"},"modified":"2020-06-23T08:22:46","modified_gmt":"2020-06-23T12:22:46","slug":"paula-zuleta-prende-las-redes-con-su-nuevo-tema","status":"publish","type":"post","link":"https:\/\/www.notaoficial.com\/s\/2020\/06\/23\/paula-zuleta-prende-las-redes-con-su-nuevo-tema\/","title":{"rendered":"Paula Zuleta \u00abPrende\u00bb las redes con su nuevo tema"},"content":{"rendered":"<p style=\"text-align: center;\">Por Isaac Sultan Cohen<\/p>\n<p align=\"justify\"><strong>Paula Zuleta<\/strong>, la reconocida cantante colombiana, \u00ab<a href=\"https:\/\/sable.madmimi.com\/c\/28511?id=14047710.15923.1.d2a994fd45a880b55b0d111b75ed0d1f\" target=\"_blank\" rel=\"noopener noreferrer\" data-saferedirecturl=\"https:\/\/www.google.com\/url?q=https:\/\/sable.madmimi.com\/c\/28511?id%3D14047710.15923.1.d2a994fd45a880b55b0d111b75ed0d1f&amp;source=gmail&amp;ust=1592976583206000&amp;usg=AFQjCNFDuHL_9BkNIPqUusMPunfxQMTjeA\">Prende<\/a>\u00bb las redes y tiendas digitales con su nuevo tema donde el Pac\u00edfico y el Caribe se mezclan con la Gaita de <strong>Mayte Montero<\/strong> y el toque urbano de <strong>Junior Jein<\/strong> conocido como el \u00ab<strong>Rey del Vacil\u00f3n<\/strong>\u00ab.<\/p>\n<p align=\"justify\">\u00ab<a href=\"https:\/\/sable.madmimi.com\/c\/28511?id=14047710.15924.1.d62eeb88be42c707e3b830d3ecb40367\" target=\"_blank\" rel=\"noopener noreferrer\" data-saferedirecturl=\"https:\/\/www.google.com\/url?q=https:\/\/sable.madmimi.com\/c\/28511?id%3D14047710.15924.1.d62eeb88be42c707e3b830d3ecb40367&amp;source=gmail&amp;ust=1592976583206000&amp;usg=AFQjCNEzdYOyTrfkplMa3wkrs2BhllBtWg\">Prende<\/a>\u00bb es un reencuentro de lo que soy como colombiana, con ra\u00edces caribe\u00f1as y el sabor de mi tierra, pero tambi\u00e9n una manera moderna de presentar la m\u00fasica y fusionarla con nuevos colores\u00bb expresa la artista que desde hace a\u00f1os est\u00e1 radicada en la ciudad de Miami.<\/p>\n<p align=\"justify\">El tema se presenta junto a un <a href=\"https:\/\/sable.madmimi.com\/c\/28511?id=14047710.15925.1.9bd24e1e61aaaa3f633efafa4c1f3a89\" target=\"_blank\" rel=\"noopener noreferrer\" data-saferedirecturl=\"https:\/\/www.google.com\/url?q=https:\/\/sable.madmimi.com\/c\/28511?id%3D14047710.15925.1.9bd24e1e61aaaa3f633efafa4c1f3a89&amp;source=gmail&amp;ust=1592976583206000&amp;usg=AFQjCNH1D4IEX84Ot7O0ThH9xIujPkR2Ng\">v\u00eddeo lyric<\/a> que desde ya est\u00e1 en el canal oficial de Paula en Youtube, adem\u00e1s la artista recientemente present\u00f3 la salsa \u00ab<a href=\"https:\/\/sable.madmimi.com\/c\/28511?id=14047710.15926.1.41bb9de6b87c7a30c4cbbb93872d3ba8\" target=\"_blank\" rel=\"noopener noreferrer\" data-saferedirecturl=\"https:\/\/www.google.com\/url?q=https:\/\/sable.madmimi.com\/c\/28511?id%3D14047710.15926.1.41bb9de6b87c7a30c4cbbb93872d3ba8&amp;source=gmail&amp;ust=1592976583206000&amp;usg=AFQjCNHr6b71ZeVA002T1IiulOBUE7-cgw\">Cosas del Amor<\/a>\u00bb donde interpreta junto a su amiga <a href=\"https:\/\/sable.madmimi.com\/c\/28511?id=14047710.15927.1.dbcefcbcc60d70a17b6e255cc962d5bd\" target=\"_blank\" rel=\"noopener noreferrer\" data-saferedirecturl=\"https:\/\/www.google.com\/url?q=https:\/\/sable.madmimi.com\/c\/28511?id%3D14047710.15927.1.dbcefcbcc60d70a17b6e255cc962d5bd&amp;source=gmail&amp;ust=1592976583207000&amp;usg=AFQjCNEPHvFnTy8V2X9fPj6oemM5WGtRKg\">Adriana Chamorro<\/a>.<\/p>\n<p align=\"justify\">Paula Zuleta realiz\u00f3 una brillante carrera musical en diferentes agrupaciones, en las que se destaca su paso por el Grupo Niche, antes de lanzar su carrera en solitario en la que con su primer \u00e1lbum musical titulado \u00abMezcla Soy\u00bb logr\u00f3 una nominaci\u00f3n al Latin GRAMMY en el 2011 en la categor\u00eda de \u00abMejor \u00c1lbum Tropical Contempor\u00e1neo\u00bb.<\/p>\n<p>&nbsp;<\/p>\n","protected":false},"excerpt":{"rendered":"<p>Por Isaac Sultan Cohen Paula Zuleta, la reconocida cantante colombiana, \u00abPrende\u00bb las redes y tiendas digitales con su nuevo tema donde el Pac\u00edfico y el Caribe se mezclan con la Gaita de Mayte Montero y el toque urbano de Junior Jein conocido como el \u00abRey del Vacil\u00f3n\u00ab. \u00abPrende\u00bb es un reencuentro de lo que soy [&hellip;]<\/p>\n","protected":false},"author":2,"featured_media":8243,"comment_status":"closed","ping_status":"open","sticky":false,"template":"","format":"standard","meta":[],"categories":[146],"tags":[8677,8601],"wppr_data":{"cwp_meta_box_check":"No"},"_links":{"self":[{"href":"https:\/\/www.notaoficial.com\/s\/wp-json\/wp\/v2\/posts\/8242"}],"collection":[{"href":"https:\/\/www.notaoficial.com\/s\/wp-json\/wp\/v2\/posts"}],"about":[{"href":"https:\/\/www.notaoficial.com\/s\/wp-json\/wp\/v2\/types\/post"}],"author":[{"embeddable":true,"href":"https:\/\/www.notaoficial.com\/s\/wp-json\/wp\/v2\/users\/2"}],"replies":[{"embeddable":true,"href":"https:\/\/www.notaoficial.com\/s\/wp-json\/wp\/v2\/comments?post=8242"}],"version-history":[{"count":1,"href":"https:\/\/www.notaoficial.com\/s\/wp-json\/wp\/v2\/posts\/8242\/revisions"}],"predecessor-version":[{"id":8244,"href":"https:\/\/www.notaoficial.com\/s\/wp-json\/wp\/v2\/posts\/8242\/revisions\/8244"}],"wp:featuredmedia":[{"embeddable":true,"href":"https:\/\/www.notaoficial.com\/s\/wp-json\/wp\/v2\/media\/8243"}],"wp:attachment":[{"href":"https:\/\/www.notaoficial.com\/s\/wp-json\/wp\/v2\/media?parent=8242"}],"wp:term":[{"taxonomy":"category","embeddable":true,"href":"https:\/\/www.notaoficial.com\/s\/wp-json\/wp\/v2\/categories?post=8242"},{"taxonomy":"post_tag","embeddable":true,"href":"https:\/\/www.notaoficial.com\/s\/wp-json\/wp\/v2\/tags?post=8242"}],"curies":[{"name":"wp","href":"https:\/\/api.w.org\/{rel}","templated":true}]}}