{"id":8301,"date":"2020-06-30T20:12:46","date_gmt":"2020-07-01T00:12:46","guid":{"rendered":"https:\/\/www.notaoficial.com\/s\/?p=8301"},"modified":"2020-06-30T14:16:03","modified_gmt":"2020-06-30T18:16:03","slug":"mr-emelo-le-canta-a-la-fanatica","status":"publish","type":"post","link":"https:\/\/www.notaoficial.com\/s\/2020\/06\/30\/mr-emelo-le-canta-a-la-fanatica\/","title":{"rendered":"Mr. Emelo le canta a la \u00abFan\u00e1tica\u00bb"},"content":{"rendered":"<p align=\"justify\">El artista urbano <strong>Mr. Emelo<\/strong>, presenta su quinto lanzamiento musical titulado \u00ab<a href=\"https:\/\/sable.madmimi.com\/c\/28511?id=14337657.16234.1.1b7967a80c45738aa15b0da46c2633dc\" target=\"_blank\" rel=\"noopener noreferrer\" data-saferedirecturl=\"https:\/\/www.google.com\/url?q=https:\/\/sable.madmimi.com\/c\/28511?id%3D14337657.16234.1.1b7967a80c45738aa15b0da46c2633dc&amp;source=gmail&amp;ust=1593626171263000&amp;usg=AFQjCNFmzDqwCdOBxm8Slem9N8GrQrSXZA\">Fan\u00e1tica<\/a>\u00ab, dedicado a su creciente p\u00fablico que mediante las redes, ha ido creciendo exponencialmente desde su lanzamiento a principios de este 2020.<\/p>\n<p align=\"justify\">Luego del estreno de su primer sencillo \u00ab<a href=\"https:\/\/sable.madmimi.com\/c\/28511?id=14337657.16235.1.95a4a616c9236d22a6fef63a38fc7b62\" target=\"_blank\" rel=\"noopener noreferrer\" data-saferedirecturl=\"https:\/\/www.google.com\/url?q=https:\/\/sable.madmimi.com\/c\/28511?id%3D14337657.16235.1.95a4a616c9236d22a6fef63a38fc7b62&amp;source=gmail&amp;ust=1593626171263000&amp;usg=AFQjCNHj5yRgBTP4iQJihEhXnM6i2Xh-IQ\">Lollipop<\/a>\u00ab, el segundo \u00ab<a href=\"https:\/\/sable.madmimi.com\/c\/28511?id=14337657.16236.1.7f1ffdb7ff505a2478316f247a619aab\" target=\"_blank\" rel=\"noopener noreferrer\" data-saferedirecturl=\"https:\/\/www.google.com\/url?q=https:\/\/sable.madmimi.com\/c\/28511?id%3D14337657.16236.1.7f1ffdb7ff505a2478316f247a619aab&amp;source=gmail&amp;ust=1593626171263000&amp;usg=AFQjCNEMn1hE6d56L6Du4Ap92pz5ensskA\">Dame Tu Piel<\/a>\u00ab, luego vino el tercero \u00abLa Estilista\u00bb y despu\u00e9s \u00abThe Weekend\u00bb, todos bajo la producci\u00f3n de <strong>Frankpal<\/strong>, ahora presenta \u00abFan\u00e1tica\u00bb acompa\u00f1ado del v\u00eddeo musical dirigido por <strong>Jose Cuello \u00abPixels\u00bb<\/strong>.<\/p>\n<div class=\"m_2245575009294743565module\" dir=\"ltr\">\n<p align=\"justify\"><strong>Rub\u00e9n Emilio P\u00e9rez Mu\u00f1oz<\/strong>, mejor conocido en la industria musical como \u00abMr Emelo\u00bb naci\u00f3 en La Habana, Cuba y desde peque\u00f1o se inclin\u00f3 hacia la m\u00fasica como su m\u00e1s grande motivaci\u00f3n, principalmente por los g\u00e9neros Hip Hop, Reggae, R&amp;B, entre otros.<\/p>\n<p align=\"justify\">Ha sido inspirado y motivado por artistas como <strong>Daddy Yankee, Don Omar, Wisin &amp; Yandel, Tego Calder\u00f3n<\/strong> entre otros, quienes han sido los pilares del movimiento urbano.<\/p>\n<p align=\"justify\">Su trabajo profesional lo ha desarrollado paso a paso, presentando sencillo tras sencillos mediante sus plataformas digitales y logrando importantes n\u00fameros dentro de la industria.<\/p>\n<\/div>\n","protected":false},"excerpt":{"rendered":"<p>El artista urbano Mr. Emelo, presenta su quinto lanzamiento musical titulado \u00abFan\u00e1tica\u00ab, dedicado a su creciente p\u00fablico que mediante las redes, ha ido creciendo exponencialmente desde su lanzamiento a principios de este 2020. Luego del estreno de su primer sencillo \u00abLollipop\u00ab, el segundo \u00abDame Tu Piel\u00ab, luego vino el tercero \u00abLa Estilista\u00bb y despu\u00e9s \u00abThe [&hellip;]<\/p>\n","protected":false},"author":2,"featured_media":8302,"comment_status":"closed","ping_status":"open","sticky":false,"template":"","format":"standard","meta":[],"categories":[146],"tags":[1276,8885,8884,8869,8886],"wppr_data":{"cwp_meta_box_check":"No"},"_links":{"self":[{"href":"https:\/\/www.notaoficial.com\/s\/wp-json\/wp\/v2\/posts\/8301"}],"collection":[{"href":"https:\/\/www.notaoficial.com\/s\/wp-json\/wp\/v2\/posts"}],"about":[{"href":"https:\/\/www.notaoficial.com\/s\/wp-json\/wp\/v2\/types\/post"}],"author":[{"embeddable":true,"href":"https:\/\/www.notaoficial.com\/s\/wp-json\/wp\/v2\/users\/2"}],"replies":[{"embeddable":true,"href":"https:\/\/www.notaoficial.com\/s\/wp-json\/wp\/v2\/comments?post=8301"}],"version-history":[{"count":1,"href":"https:\/\/www.notaoficial.com\/s\/wp-json\/wp\/v2\/posts\/8301\/revisions"}],"predecessor-version":[{"id":8303,"href":"https:\/\/www.notaoficial.com\/s\/wp-json\/wp\/v2\/posts\/8301\/revisions\/8303"}],"wp:featuredmedia":[{"embeddable":true,"href":"https:\/\/www.notaoficial.com\/s\/wp-json\/wp\/v2\/media\/8302"}],"wp:attachment":[{"href":"https:\/\/www.notaoficial.com\/s\/wp-json\/wp\/v2\/media?parent=8301"}],"wp:term":[{"taxonomy":"category","embeddable":true,"href":"https:\/\/www.notaoficial.com\/s\/wp-json\/wp\/v2\/categories?post=8301"},{"taxonomy":"post_tag","embeddable":true,"href":"https:\/\/www.notaoficial.com\/s\/wp-json\/wp\/v2\/tags?post=8301"}],"curies":[{"name":"wp","href":"https:\/\/api.w.org\/{rel}","templated":true}]}}