{"id":8311,"date":"2020-07-02T13:00:21","date_gmt":"2020-07-02T17:00:21","guid":{"rendered":"https:\/\/www.notaoficial.com\/s\/?p=8311"},"modified":"2020-07-02T10:02:43","modified_gmt":"2020-07-02T14:02:43","slug":"el-kanka-estrena-zamba-para-mi-padre-otro-de-sus-temas-ineditos","status":"publish","type":"post","link":"https:\/\/www.notaoficial.com\/s\/2020\/07\/02\/el-kanka-estrena-zamba-para-mi-padre-otro-de-sus-temas-ineditos\/","title":{"rendered":"El Kanka estrena \u00abZamba para mi padre\u00bb, otro de sus temas in\u00e9ditos"},"content":{"rendered":"<p>El Kanka vuelve a sorprender con otro de los temas nacidos durante el estado de alarma, <a href=\"https:\/\/granconvoy.trckacbm.com\/url\/ver\/48015744\/1027260\/a93b3ab79f0228f4edb15d006b5930a2\" target=\"_blank\" rel=\"noopener noreferrer\" data-saferedirecturl=\"https:\/\/www.google.com\/url?q=https:\/\/granconvoy.trckacbm.com\/url\/ver\/48015744\/1027260\/a93b3ab79f0228f4edb15d006b5930a2&amp;source=gmail&amp;ust=1593784649320000&amp;usg=AFQjCNFy-nNfPx8ybTjGs3gmxkuipwCV3g\"><em>Zamba para mi padre<\/em><\/a>. En esta ocasi\u00f3n le dedica a su padre en clave de zamba, g\u00e9nero t\u00edpico del folclore latinoamericano, una canci\u00f3n que habla del querer estar junto a alguien en momentos dif\u00edciles y no poder.<\/p>\n<p><em>\u00abZamba para mi padre es un mensaje de apoyo a distancia, de acompa\u00f1amiento espiritual. Muchos hemos vivido esa sensaci\u00f3n de querer y no poder estar al lado de esa persona querida en momentos dif\u00edciles, y hemos querido decirle: \u201cno est\u00e1s s\u00f3lo, aunque no est\u00e9 all\u00ed f\u00edsicamente, estoy contigo en pensamiento y alma\u201d. Est\u00e1 dedicada a mi padre porque hemos vivido justo eso. La letra de la canci\u00f3n surge a ra\u00edz de un poema que le escrib\u00ed, y evolucion\u00f3 en canci\u00f3n. Mi padre me contagi\u00f3 su pasi\u00f3n por el folclore latinoamericano, y recuerdo con nostalgia de infancia las zambas y las milongas de Cafrune o Atahualpa, por eso he querido homenajearle en ritmo y nombre.\u00bb <\/em>El Kanka<\/p>\n<p><em>Zamba para mi padre<\/em> ya est\u00e1 disponible en <a href=\"https:\/\/granconvoy.trckacbm.com\/url\/ver\/48015743\/1027260\/a93b3ab79f0228f4edb15d006b5930a2\" target=\"_blank\" rel=\"noopener noreferrer\" data-saferedirecturl=\"https:\/\/www.google.com\/url?q=https:\/\/granconvoy.trckacbm.com\/url\/ver\/48015743\/1027260\/a93b3ab79f0228f4edb15d006b5930a2&amp;source=gmail&amp;ust=1593784649320000&amp;usg=AFQjCNFQ7KfofI5JDNQOJHHGUlJgTeaEaQ\">todas las plataformas digitales<\/a>.<\/p>\n<p>Este tema reci\u00e9n estrenado se suma a<em> <a href=\"https:\/\/granconvoy.trckacbm.com\/url\/ver\/48015745\/1027260\/a93b3ab79f0228f4edb15d006b5930a2\" target=\"_blank\" rel=\"noopener noreferrer\" data-saferedirecturl=\"https:\/\/www.google.com\/url?q=https:\/\/granconvoy.trckacbm.com\/url\/ver\/48015745\/1027260\/a93b3ab79f0228f4edb15d006b5930a2&amp;source=gmail&amp;ust=1593784649320000&amp;usg=AFQjCNGzClivBQhm50Uq93ytE2XVTT9Ksw\">Sab\u00e9is qui\u00e9nes sois<\/a><\/em>\u00a0(disponible en\u00a0<a href=\"https:\/\/granconvoy.trckacbm.com\/url\/ver\/48015746\/1027260\/a93b3ab79f0228f4edb15d006b5930a2\" target=\"_blank\" rel=\"noopener noreferrer\" data-saferedirecturl=\"https:\/\/www.google.com\/url?q=https:\/\/granconvoy.trckacbm.com\/url\/ver\/48015746\/1027260\/a93b3ab79f0228f4edb15d006b5930a2&amp;source=gmail&amp;ust=1593784649320000&amp;usg=AFQjCNHi34FNTJ0SQ6iO7RaYpIkZQzrPPA\">Spotify<\/a>, <a href=\"https:\/\/granconvoy.trckacbm.com\/url\/ver\/48015747\/1027260\/a93b3ab79f0228f4edb15d006b5930a2\" target=\"_blank\" rel=\"noopener noreferrer\" data-saferedirecturl=\"https:\/\/www.google.com\/url?q=https:\/\/granconvoy.trckacbm.com\/url\/ver\/48015747\/1027260\/a93b3ab79f0228f4edb15d006b5930a2&amp;source=gmail&amp;ust=1593784649320000&amp;usg=AFQjCNHBMsz1k6b-Tg2erQG8E8BzROwj-Q\">iTunes<\/a>, <a href=\"https:\/\/granconvoy.trckacbm.com\/url\/ver\/48015748\/1027260\/a93b3ab79f0228f4edb15d006b5930a2\" target=\"_blank\" rel=\"noopener noreferrer\" data-saferedirecturl=\"https:\/\/www.google.com\/url?q=https:\/\/granconvoy.trckacbm.com\/url\/ver\/48015748\/1027260\/a93b3ab79f0228f4edb15d006b5930a2&amp;source=gmail&amp;ust=1593784649320000&amp;usg=AFQjCNEaxV1TUsBfxi86yT89gVAOaRG73Q\">Apple Music<\/a>),\u00a0otra de las canciones surgidas durante el confinamiento que dedicaba a todos los amigos que echaba de menos\u00a0y que estren\u00f3 por sorpresa en una de las cincuenta sesiones ofrecidas en\u00a0#ElKankaEnCasa. Esta y <em>Zamba para mi padre<\/em> son dos canciones in\u00e9ditas del malague\u00f1o que representan muy bien los sentimientos que muchos de nosotros hemos vivido durante estos meses.<\/p>\n<p>Antes del estado de alarma, El Kanka acababa de comenzar su gira Payaso que le iba a hacer recorrer de nuevo salas y festivales de nuestro pa\u00eds, una gira que, de momento, est\u00e1 detenida hasta que todo se normalice pero que ya tiene algunas fechas fijadas en el calendario.<\/p>\n","protected":false},"excerpt":{"rendered":"<p>El Kanka vuelve a sorprender con otro de los temas nacidos durante el estado de alarma, Zamba para mi padre. En esta ocasi\u00f3n le dedica a su padre en clave de zamba, g\u00e9nero t\u00edpico del folclore latinoamericano, una canci\u00f3n que habla del querer estar junto a alguien en momentos dif\u00edciles y no poder. \u00abZamba para [&hellip;]<\/p>\n","protected":false},"author":2,"featured_media":8312,"comment_status":"closed","ping_status":"open","sticky":false,"template":"","format":"standard","meta":[],"categories":[146],"tags":[4054],"wppr_data":{"cwp_meta_box_check":"No"},"_links":{"self":[{"href":"https:\/\/www.notaoficial.com\/s\/wp-json\/wp\/v2\/posts\/8311"}],"collection":[{"href":"https:\/\/www.notaoficial.com\/s\/wp-json\/wp\/v2\/posts"}],"about":[{"href":"https:\/\/www.notaoficial.com\/s\/wp-json\/wp\/v2\/types\/post"}],"author":[{"embeddable":true,"href":"https:\/\/www.notaoficial.com\/s\/wp-json\/wp\/v2\/users\/2"}],"replies":[{"embeddable":true,"href":"https:\/\/www.notaoficial.com\/s\/wp-json\/wp\/v2\/comments?post=8311"}],"version-history":[{"count":1,"href":"https:\/\/www.notaoficial.com\/s\/wp-json\/wp\/v2\/posts\/8311\/revisions"}],"predecessor-version":[{"id":8313,"href":"https:\/\/www.notaoficial.com\/s\/wp-json\/wp\/v2\/posts\/8311\/revisions\/8313"}],"wp:featuredmedia":[{"embeddable":true,"href":"https:\/\/www.notaoficial.com\/s\/wp-json\/wp\/v2\/media\/8312"}],"wp:attachment":[{"href":"https:\/\/www.notaoficial.com\/s\/wp-json\/wp\/v2\/media?parent=8311"}],"wp:term":[{"taxonomy":"category","embeddable":true,"href":"https:\/\/www.notaoficial.com\/s\/wp-json\/wp\/v2\/categories?post=8311"},{"taxonomy":"post_tag","embeddable":true,"href":"https:\/\/www.notaoficial.com\/s\/wp-json\/wp\/v2\/tags?post=8311"}],"curies":[{"name":"wp","href":"https:\/\/api.w.org\/{rel}","templated":true}]}}