{"id":8352,"date":"2020-07-08T08:20:08","date_gmt":"2020-07-08T12:20:08","guid":{"rendered":"https:\/\/www.notaoficial.com\/s\/?p=8352"},"modified":"2020-07-07T15:21:34","modified_gmt":"2020-07-07T19:21:34","slug":"milly-quezada-rinde-tributo-con-gracias-a-ti","status":"publish","type":"post","link":"https:\/\/www.notaoficial.com\/s\/2020\/07\/08\/milly-quezada-rinde-tributo-con-gracias-a-ti\/","title":{"rendered":"Milly Quezada rinde tributo con \u00abGracias a ti\u00bb"},"content":{"rendered":"<p align=\"justify\"><strong>Milly Quezada<\/strong>, la Reina del Merengue, rinde un merecido homenaje a doctores, enfermeras y personal m\u00e9dico que han trabajado arduamente en apaciguar los efectos de la pandemia con el tema \u00ab<a href=\"https:\/\/sable.madmimi.com\/c\/28511?id=14491643.16397.1.fef93f0722aff9d65375790957751378\" target=\"_blank\" rel=\"noopener noreferrer\" data-saferedirecturl=\"https:\/\/www.google.com\/url?q=https:\/\/sable.madmimi.com\/c\/28511?id%3D14491643.16397.1.fef93f0722aff9d65375790957751378&amp;source=gmail&amp;ust=1594235217263000&amp;usg=AFQjCNFYTBEgxtNZ-0TbyklKMAVQyGrCUA\">Gracias a ti<\/a>\u00ab.<\/p>\n<p align=\"justify\">\u00abQued\u00e9 impactada al ver un reportaje de <strong>Alicia Ortega<\/strong> en la Rep\u00fablica Dominicana sobre las condiciones de trabajo del personal m\u00e9dico en los hospitales y de ah\u00ed sali\u00f3 la idea de rendirle un homenaje musical con el tema &#8216;<a href=\"https:\/\/sable.madmimi.com\/c\/28511?id=14491643.16398.1.824fab014563e3fd81c00d9e369d2c42\" target=\"_blank\" rel=\"noopener noreferrer\" data-saferedirecturl=\"https:\/\/www.google.com\/url?q=https:\/\/sable.madmimi.com\/c\/28511?id%3D14491643.16398.1.824fab014563e3fd81c00d9e369d2c42&amp;source=gmail&amp;ust=1594235217264000&amp;usg=AFQjCNEFsBFhxJ3Mr1QZgZl_76IpOUbYuA\">Gracias a ti<\/a>&#8216; bajo la composici\u00f3n de mi hijo <strong>Anthony V\u00e1squez<\/strong> y la producci\u00f3n de <strong>Antonio Gonz\u00e1lez<\/strong>\u00bb expres\u00f3 la artista ganadora de Latin GRAMMY\u00ae.<\/p>\n<p align=\"justify\">Este tema cuenta con un audiovisual realizado por el editor <strong>F\u00e9lix Ariel Liria<\/strong>, con la colaboraci\u00f3n del reconocido productor <strong>Alberto Zayas<\/strong>, donde se plasman im\u00e1genes del servicio m\u00e9dico en acci\u00f3n, combinadas con im\u00e1genes de vida representadas por Milly.<\/p>\n<p align=\"justify\">Desde su cuenta de Instagram, <a href=\"https:\/\/sable.madmimi.com\/c\/28511?id=14491643.16399.1.ecb7629bdf2b6c2dc7f3f4ac6cbcebf2\" target=\"_blank\" rel=\"noopener noreferrer\" data-saferedirecturl=\"https:\/\/www.google.com\/url?q=https:\/\/sable.madmimi.com\/c\/28511?id%3D14491643.16399.1.ecb7629bdf2b6c2dc7f3f4ac6cbcebf2&amp;source=gmail&amp;ust=1594235217264000&amp;usg=AFQjCNFpJKgwAMNTsYfEYKZHYp9ENHXlNw\">Milly Quezada<\/a> ha realizado el \u00abGracias A Ti Challenge\u00bb donde ya varias figuras reconocidas del entretenimiento se han sumado, entre ellos est\u00e1n los artistas <strong>Erika Ender<\/strong>, <strong>Gisselle, Manny Manuel, Vladimir Dotel<\/strong> (<strong>Ilegales<\/strong>), <strong>Pavel N\u00fa\u00f1ez, Frank Ceara, Miosotis La Cantante<\/strong> y <strong>Katia Rodriguez<\/strong>.<\/p>\n<p align=\"justify\">Milly Quezada, su equipo de trabajo y <strong>La Oreja Media Group<\/strong> han decido donar todos los fondos que se generen mediante la difusi\u00f3n en las diferentes plataformas digitales a favor de la fundaci\u00f3n <strong>Caminantes Por La Vida<\/strong>, instituci\u00f3n que trabaja con la finalidad de colocar la salud como propulsor de la calidad de vida del dominicano.<\/p>\n<p>&nbsp;<\/p>\n","protected":false},"excerpt":{"rendered":"<p>Milly Quezada, la Reina del Merengue, rinde un merecido homenaje a doctores, enfermeras y personal m\u00e9dico que han trabajado arduamente en apaciguar los efectos de la pandemia con el tema \u00abGracias a ti\u00ab. \u00abQued\u00e9 impactada al ver un reportaje de Alicia Ortega en la Rep\u00fablica Dominicana sobre las condiciones de trabajo del personal m\u00e9dico en [&hellip;]<\/p>\n","protected":false},"author":2,"featured_media":8353,"comment_status":"closed","ping_status":"open","sticky":false,"template":"","format":"standard","meta":[],"categories":[146],"tags":[5789],"wppr_data":{"cwp_meta_box_check":"No"},"_links":{"self":[{"href":"https:\/\/www.notaoficial.com\/s\/wp-json\/wp\/v2\/posts\/8352"}],"collection":[{"href":"https:\/\/www.notaoficial.com\/s\/wp-json\/wp\/v2\/posts"}],"about":[{"href":"https:\/\/www.notaoficial.com\/s\/wp-json\/wp\/v2\/types\/post"}],"author":[{"embeddable":true,"href":"https:\/\/www.notaoficial.com\/s\/wp-json\/wp\/v2\/users\/2"}],"replies":[{"embeddable":true,"href":"https:\/\/www.notaoficial.com\/s\/wp-json\/wp\/v2\/comments?post=8352"}],"version-history":[{"count":1,"href":"https:\/\/www.notaoficial.com\/s\/wp-json\/wp\/v2\/posts\/8352\/revisions"}],"predecessor-version":[{"id":8354,"href":"https:\/\/www.notaoficial.com\/s\/wp-json\/wp\/v2\/posts\/8352\/revisions\/8354"}],"wp:featuredmedia":[{"embeddable":true,"href":"https:\/\/www.notaoficial.com\/s\/wp-json\/wp\/v2\/media\/8353"}],"wp:attachment":[{"href":"https:\/\/www.notaoficial.com\/s\/wp-json\/wp\/v2\/media?parent=8352"}],"wp:term":[{"taxonomy":"category","embeddable":true,"href":"https:\/\/www.notaoficial.com\/s\/wp-json\/wp\/v2\/categories?post=8352"},{"taxonomy":"post_tag","embeddable":true,"href":"https:\/\/www.notaoficial.com\/s\/wp-json\/wp\/v2\/tags?post=8352"}],"curies":[{"name":"wp","href":"https:\/\/api.w.org\/{rel}","templated":true}]}}