{"id":8377,"date":"2020-07-09T20:11:34","date_gmt":"2020-07-10T00:11:34","guid":{"rendered":"https:\/\/www.notaoficial.com\/s\/?p=8377"},"modified":"2020-07-07T16:14:47","modified_gmt":"2020-07-07T20:14:47","slug":"reincidentes-participara-en-la-edicion-online-del-festival-cosquin-rock-el-mas-importante-de-hispanoamerica","status":"publish","type":"post","link":"https:\/\/www.notaoficial.com\/s\/2020\/07\/09\/reincidentes-participara-en-la-edicion-online-del-festival-cosquin-rock-el-mas-importante-de-hispanoamerica\/","title":{"rendered":"Reincidentes participar\u00e1 en la edici\u00f3n online del festival Cosqu\u00edn Rock, el m\u00e1s importante de Hispanoam\u00e9rica"},"content":{"rendered":"<p align=\"justify\"><span lang=\"ES-TRAD\"><b>Reincidentes<\/b> confirman su presencia en el cartel del <b>festival Cosqu\u00edn Rock<\/b> de este\u00a0a\u00f1o, que se celebrar\u00e1 de forma online. La banda sevillana ha sido escogida como una de las pocas representantes estatales que est\u00e9n presentes en esta edici\u00f3n tan especial, significativa y at\u00edpica del festival argentino con m\u00e1s solera y proyecci\u00f3n dentro de las propuestas latinoamericanas. Este evento, sin lugar a dudas, es desde hace a\u00f1os la cita musical m\u00e1s respetada tanto en argentina como en el resto del mundo.<\/span><\/p>\n<p align=\"justify\"><span lang=\"ES-TRAD\">El <b>Cosqu\u00edn Rock<\/b>, que lleva celebr\u00e1ndose desde el inicio de este siglo, arranc\u00f3 en Argentina, pero a d\u00eda de hoy es uno de los festivales latinoamericanos con m\u00e1s sedes y ediciones en el globo, adem\u00e1s de una convocatoria en la que participan los artistas m\u00e1s destacados de todo el mundo\u2026 Todo ello sin perder su vocaci\u00f3n local.<\/span><\/p>\n<p align=\"justify\"><span lang=\"ES-TRAD\"><b>Reincidentes<\/b> estar\u00e1n en la nueva edici\u00f3n del festival, que esta vez, debido al nuevo orden mundial, se celebrar\u00e1 en <b>streaming<\/b> los d\u00edas <b>8 y 9 de agosto<\/b>. En el primer d\u00eda act\u00faan Los Caligaris, Los Pericos, Eruca Sativa, Sol Alac, Malena Villa, Las Pelotas, Julieta Rada y Sara Hebe, entre otros. La representaci\u00f3n internacional correr\u00e1 a cargo de Agarrate Catalina (Uruguay), La Ramona (Colombia), Reincidentes (Espa\u00f1a), Fiesta Cuetillo (Bolivia), Toques del r\u00edo (Cuba), Izal (Espa\u00f1a), Aviadores del Chaki (Paraguay) y Enjambre (M\u00e9xico). E<\/span><span lang=\"ES-TRAD\">n la segunda cita, destacan nombres como Vicentico (de Fabulosos Cadillacs), Molotov o Los Cafres, que completan el festival.<\/span><\/p>\n<p align=\"justify\"><span lang=\"ES-TRAD\">La nueva modalidad permitir\u00e1 al p\u00fablico que se acerque al concierto de <b>Reincidentes<\/b> no solo recorrer los cuatro escenarios previstos y participar de distintas actividades, sino que tambi\u00e9n podr\u00e1 escoger entre distintas c\u00e1maras para ver el show o disfrutarlo en 360\u00ba.<\/span><\/p>\n<p align=\"justify\"><span lang=\"ES-TRAD\"><b>Reincidentes<\/b>, que hace menos de un mes estrenaban con gran \u00e9xito la primera de una serie de colaboraciones que realizar\u00e1n con artistas de diferentes estilos en formato single (digital, pero con cara A y cara B), inician con esta actuaci\u00f3n una nueva andadura, una nueva etapa de su carrrera que se inicia con este nuevo proyecto que ir\u00e1n mostrando a lo largo de este y el pr\u00f3ximo a\u00f1o.<\/span><\/p>\n<p align=\"justify\"><span lang=\"ES-TRAD\">Con m\u00e1s de treinta a\u00f1os de carrera a sus espaldas y con una veintena de discos publicados, <b>Reincidentes<\/b> son una banda muy querida en Argentina y en gran cantidad de los pa\u00edses latinoamericanos, los cuales, a lo largo de los a\u00f1os, han ido visitando con cierta regularidad. <\/span><\/p>\n<p align=\"justify\"><span lang=\"ES-TRAD\">El ingreso a la plataforma que te permitir\u00e1 asistir a este concierto de <b>Reincidentes (<\/b><a href=\"http:\/\/www.cosquinrock.net\" target=\"_blank\" rel=\"noopener noreferrer\" data-saferedirecturl=\"https:\/\/www.google.com\/url?q=http:\/\/www.cosquinrock.net&amp;source=gmail&amp;ust=1594238449110000&amp;usg=AFQjCNG7bKi0iknicv9c_oueiW_6IxjJKA\"><b>www.cosquinrock.net<\/b><\/a><b>)<\/b>\u00a0 ya est\u00e1 disponible y permite acceder a contenido gratuito hasta el 1 de agosto. A diferencia de otros shows o festivales que se realizaron por streaming a lo largo de la cuarentena obligatoria por la pandemia de Coronavirus, este encuentro permitir\u00e1 ver a la banda completa actuando en un escenario.<\/span><\/p>\n<p>&nbsp;<\/p>\n","protected":false},"excerpt":{"rendered":"<p>Reincidentes confirman su presencia en el cartel del festival Cosqu\u00edn Rock de este\u00a0a\u00f1o, que se celebrar\u00e1 de forma online. La banda sevillana ha sido escogida como una de las pocas representantes estatales que est\u00e9n presentes en esta edici\u00f3n tan especial, significativa y at\u00edpica del festival argentino con m\u00e1s solera y proyecci\u00f3n dentro de las propuestas [&hellip;]<\/p>\n","protected":false},"author":2,"featured_media":8378,"comment_status":"closed","ping_status":"open","sticky":false,"template":"","format":"standard","meta":[],"categories":[146],"tags":[8827],"wppr_data":{"cwp_meta_box_check":"No"},"_links":{"self":[{"href":"https:\/\/www.notaoficial.com\/s\/wp-json\/wp\/v2\/posts\/8377"}],"collection":[{"href":"https:\/\/www.notaoficial.com\/s\/wp-json\/wp\/v2\/posts"}],"about":[{"href":"https:\/\/www.notaoficial.com\/s\/wp-json\/wp\/v2\/types\/post"}],"author":[{"embeddable":true,"href":"https:\/\/www.notaoficial.com\/s\/wp-json\/wp\/v2\/users\/2"}],"replies":[{"embeddable":true,"href":"https:\/\/www.notaoficial.com\/s\/wp-json\/wp\/v2\/comments?post=8377"}],"version-history":[{"count":1,"href":"https:\/\/www.notaoficial.com\/s\/wp-json\/wp\/v2\/posts\/8377\/revisions"}],"predecessor-version":[{"id":8379,"href":"https:\/\/www.notaoficial.com\/s\/wp-json\/wp\/v2\/posts\/8377\/revisions\/8379"}],"wp:featuredmedia":[{"embeddable":true,"href":"https:\/\/www.notaoficial.com\/s\/wp-json\/wp\/v2\/media\/8378"}],"wp:attachment":[{"href":"https:\/\/www.notaoficial.com\/s\/wp-json\/wp\/v2\/media?parent=8377"}],"wp:term":[{"taxonomy":"category","embeddable":true,"href":"https:\/\/www.notaoficial.com\/s\/wp-json\/wp\/v2\/categories?post=8377"},{"taxonomy":"post_tag","embeddable":true,"href":"https:\/\/www.notaoficial.com\/s\/wp-json\/wp\/v2\/tags?post=8377"}],"curies":[{"name":"wp","href":"https:\/\/api.w.org\/{rel}","templated":true}]}}