{"id":8487,"date":"2020-07-23T08:44:49","date_gmt":"2020-07-23T12:44:49","guid":{"rendered":"https:\/\/www.notaoficial.com\/s\/?p=8487"},"modified":"2020-07-23T08:44:49","modified_gmt":"2020-07-23T12:44:49","slug":"la-montserratina-celebra-el-mes-de-la-parrilla","status":"publish","type":"post","link":"https:\/\/www.notaoficial.com\/s\/2020\/07\/23\/la-montserratina-celebra-el-mes-de-la-parrilla\/","title":{"rendered":"La Montserratina celebra el Mes de la Parrilla"},"content":{"rendered":"<p>Fiel a la innovaci\u00f3n y versatilidad que ha demostrado a lo largo de sus m\u00e1s de 70 a\u00f1os en el mercado venezolano, La Montserratina se prepara para celebrar, como ya es costumbre por esta fecha, \u00a0el <strong>mes de la parrilla<\/strong>. Talleres parrilleros, concursos a trav\u00e9s de sus redes sociales y una gran celebraci\u00f3n especial que abarcar\u00e1 todas sus plataformas digitales, \u00a0prevista para el 25 de julio, son algunas de las sorpresas que prepara la marca para sus clientes y seguidores.<\/p>\n<p>\u201c<strong>Hacer una parrilla es una ocasi\u00f3n perfecta para compartir en familia<\/strong> o con los amigos, es una tradici\u00f3n arraigada entre los venezolanos para celebrar fechas especiales y La Montserratina siempre est\u00e1 presente en esos momentos de amistad, camarader\u00eda y uni\u00f3n como lo hemos venido haciendo \u00a0desde hace m\u00e1s de 7 d\u00e9cadas\u201d, asegura Carlos Cervantes, gerente de Mercadeo.<\/p>\n<p>Como antesala a la tan esperada celebraci\u00f3n que marca pauta desde el 2013, \u00a0durante este mes de julio la marca lanz\u00f3 el canal de IGTV \u201c<em>La Montserratina TV<\/em>\u201d, a trav\u00e9s de su Instagram @LaMontserratina, en el que se comparten contenidos como: tips parrilleros para preparar una buena parrilla, a cargo de @chefpaez; clips de m\u00fasica tradicional venezolana, en la secci\u00f3n \u201c<em>Parrilla a 4 cuerdas<\/em>\u201d, y la transmisi\u00f3n de la gran Fiesta Parrillera de La Montserratina, prevista \u00a0para el 25 de julio, el \u00faltimo s\u00e1bado del mes.<\/p>\n<p><strong>\u201cParrilleros 2.0\u201d<\/strong><\/p>\n<p>Una combinaci\u00f3n de humor, buena m\u00fasica y parrilla, se difundir\u00e1 en todas las plataformas digitales de la marca, a las 05:00 p.m. del 25 de julio, a trav\u00e9s de \u00a0una actividad que invitar\u00e1 a la celebraci\u00f3n en familia y entre amigos, al calor de las brasas y junto a los Artesanos del Sabor.<\/p>\n<p>Clips de m\u00fasica tradicional venezolana, stand ups y recetas parrilleras son algunas de las actividades que tiene preparada La Montserratina para sus seguidores, a trav\u00e9s de la <strong>Parrilla Digital.<\/strong><\/p>\n<p>Y para cerrar el mes con broche de oro, ese mismo fin de semana se lanzar\u00e1 el gran concurso \u201cLa parrilla del A\u00f1o\u201d en el que, con marcas aliadas, se seleccionar\u00e1n tres ganadores de grandes combos parrilleros, para disfrutar de una parrilla por todo lo alto.<\/p>\n<p><strong>\u201cLos mandamientos del parrillero\u201d<\/strong><\/p>\n<p>La formaci\u00f3n parrillera es, por tradici\u00f3n, \u00a0la parte fundamental de la celebraci\u00f3n de este mes. Por tal motivo, \u00a0la marca tiene previsto la realizaci\u00f3n de varios talleres \u00a0v\u00eda Zoom, a cargo del maestro parrillero Esteban Luj\u00e1n, quien abordar\u00e1 en profundidad el arte de la parrilla, con uno especial de productos Montserratina, previsto para el 31 de julio.<\/p>\n<p>De igual manera, La Montserratina pondr\u00e1 a disposici\u00f3n un Ebook parrillero gratuito, que se compartir\u00e1 en todas sus plataformas digitales, para que los consumidores puedan tener a la mano, todo lo que necesitan saber sobre teor\u00eda parrillera.<\/p>\n<p>Sin duda, este es un mes para celebrar las brasas, y por eso la marca l\u00edder en productos parrilleros invita a unirse a estas actividades, y a estar atentos a los contenidos que se publicar\u00e1n en @LaMontserratina en Instagram, Facebook y Twitter.<\/p>\n","protected":false},"excerpt":{"rendered":"<p>Fiel a la innovaci\u00f3n y versatilidad que ha demostrado a lo largo de sus m\u00e1s de 70 a\u00f1os en el mercado venezolano, La Montserratina se prepara para celebrar, como ya es costumbre por esta fecha, \u00a0el mes de la parrilla. Talleres parrilleros, concursos a trav\u00e9s de sus redes sociales y una gran celebraci\u00f3n especial que [&hellip;]<\/p>\n","protected":false},"author":2,"featured_media":8488,"comment_status":"closed","ping_status":"open","sticky":false,"template":"","format":"standard","meta":[],"categories":[93,1967,2],"tags":[579],"wppr_data":{"cwp_meta_box_check":"No"},"_links":{"self":[{"href":"https:\/\/www.notaoficial.com\/s\/wp-json\/wp\/v2\/posts\/8487"}],"collection":[{"href":"https:\/\/www.notaoficial.com\/s\/wp-json\/wp\/v2\/posts"}],"about":[{"href":"https:\/\/www.notaoficial.com\/s\/wp-json\/wp\/v2\/types\/post"}],"author":[{"embeddable":true,"href":"https:\/\/www.notaoficial.com\/s\/wp-json\/wp\/v2\/users\/2"}],"replies":[{"embeddable":true,"href":"https:\/\/www.notaoficial.com\/s\/wp-json\/wp\/v2\/comments?post=8487"}],"version-history":[{"count":1,"href":"https:\/\/www.notaoficial.com\/s\/wp-json\/wp\/v2\/posts\/8487\/revisions"}],"predecessor-version":[{"id":8489,"href":"https:\/\/www.notaoficial.com\/s\/wp-json\/wp\/v2\/posts\/8487\/revisions\/8489"}],"wp:featuredmedia":[{"embeddable":true,"href":"https:\/\/www.notaoficial.com\/s\/wp-json\/wp\/v2\/media\/8488"}],"wp:attachment":[{"href":"https:\/\/www.notaoficial.com\/s\/wp-json\/wp\/v2\/media?parent=8487"}],"wp:term":[{"taxonomy":"category","embeddable":true,"href":"https:\/\/www.notaoficial.com\/s\/wp-json\/wp\/v2\/categories?post=8487"},{"taxonomy":"post_tag","embeddable":true,"href":"https:\/\/www.notaoficial.com\/s\/wp-json\/wp\/v2\/tags?post=8487"}],"curies":[{"name":"wp","href":"https:\/\/api.w.org\/{rel}","templated":true}]}}