{"id":8536,"date":"2020-07-31T15:40:41","date_gmt":"2020-07-31T19:40:41","guid":{"rendered":"https:\/\/www.notaoficial.com\/s\/?p=8536"},"modified":"2020-07-31T07:42:53","modified_gmt":"2020-07-31T11:42:53","slug":"az-la-elite-rompe-record-en-la-radio-venezolana","status":"publish","type":"post","link":"https:\/\/www.notaoficial.com\/s\/2020\/07\/31\/az-la-elite-rompe-record-en-la-radio-venezolana\/","title":{"rendered":"AZ \u201cLa \u00e9lite\u201d rompe r\u00e9cord en la radio venezolana"},"content":{"rendered":"<p style=\"text-align: center;\">Por Rafael Ciarcia Wal\u00f3<\/p>\n<p>Qu\u00e9 gratificante es para el talento nuevo cosechar el \u00e9xito en corto tiempo, y \u00e9se es el <strong>caso de AZ \u201cLa \u00e9lite\u201d, quien hoy est\u00e1 haciendo historia en la radio venezolana.<\/strong><\/p>\n<p><strong>Y es que el int\u00e9rprete de \u201cLas cosas cambiaron\u201d se apodera del sitial de honor del R\u00e9cord Report, mientras que su nuevo sencillo, \u201cNo puedes disimular\u201d, debuta en la casilla #2 de la prestigiosa cartelera radial, logrando marcar un importante precedente en la escena musical, pues desde hace muchos a\u00f1os no ha habido un artista que haya logrado tal haza\u00f1a. <\/strong><\/p>\n<p>Sin duda, su propuesta musical y audiovisual ha logrado calar fuertemente en el p\u00fablico gracias a que la misma es ejecutada y muy bien pensada por su empresa \u00c9lite Estudios Corp., la cual cuenta con un equipo de lujo.<\/p>\n<p>Este nuevo sencillo -producido por Gabriel Barrera y compuesto por Andr\u00e9s Zurita, Gregory Palencia y Dejavu- cuenta con un primer corte audiovisual dirigido por el reconocido Elier Alvarado, el cual es la versi\u00f3n ac\u00fastica del single y ser\u00e1 el abreboca del video oficial.<\/p>\n<p>Pero no todo termina all\u00ed, pues <strong>AZ se prepara para hacer lo propio con su nuevo sencillo, \u201cNo puedes disimular\u201d en colaboraci\u00f3n con Gregory Palencia y Dejavu<\/strong>, el cual promete dar mucho de qu\u00e9 hablar.<\/p>\n<p><strong>La visi\u00f3n de<\/strong><strong> Andr\u00e9s Zurita -nombre de pila del int\u00e9rprete urbano- como m\u00fasico y empresario ha sido muy clara desde sus inicios: Dar a conocer una propuesta s\u00f3lida sin precedente en Venezuela, de la mano de su equipo de trabajo y compa\u00f1\u00eda, para as\u00ed demostrar que en su pa\u00eds se pueden hacer proyectos con los m\u00e1s altos niveles de calidad y de corte mundial. Y as\u00ed lo ha demostrado en cada uno de sus temas y videos.<\/strong><\/p>\n<p>\u00c9ste es apenas el comienzo de una serie de importantes proyectos que el cantante ir\u00e1 develando poco a poco.<\/p>\n<p><strong>Para ello, pueden seguirlo en sus redes sociales<\/strong> <strong>como: @azlaelite y conocer todo lo nuevo que trae.<\/strong><\/p>\n","protected":false},"excerpt":{"rendered":"<p>Por Rafael Ciarcia Wal\u00f3 Qu\u00e9 gratificante es para el talento nuevo cosechar el \u00e9xito en corto tiempo, y \u00e9se es el caso de AZ \u201cLa \u00e9lite\u201d, quien hoy est\u00e1 haciendo historia en la radio venezolana. Y es que el int\u00e9rprete de \u201cLas cosas cambiaron\u201d se apodera del sitial de honor del R\u00e9cord Report, mientras que [&hellip;]<\/p>\n","protected":false},"author":2,"featured_media":8537,"comment_status":"closed","ping_status":"open","sticky":false,"template":"","format":"standard","meta":[],"categories":[463,2],"tags":[8948,8746,8691],"wppr_data":{"cwp_meta_box_check":"No"},"_links":{"self":[{"href":"https:\/\/www.notaoficial.com\/s\/wp-json\/wp\/v2\/posts\/8536"}],"collection":[{"href":"https:\/\/www.notaoficial.com\/s\/wp-json\/wp\/v2\/posts"}],"about":[{"href":"https:\/\/www.notaoficial.com\/s\/wp-json\/wp\/v2\/types\/post"}],"author":[{"embeddable":true,"href":"https:\/\/www.notaoficial.com\/s\/wp-json\/wp\/v2\/users\/2"}],"replies":[{"embeddable":true,"href":"https:\/\/www.notaoficial.com\/s\/wp-json\/wp\/v2\/comments?post=8536"}],"version-history":[{"count":1,"href":"https:\/\/www.notaoficial.com\/s\/wp-json\/wp\/v2\/posts\/8536\/revisions"}],"predecessor-version":[{"id":8538,"href":"https:\/\/www.notaoficial.com\/s\/wp-json\/wp\/v2\/posts\/8536\/revisions\/8538"}],"wp:featuredmedia":[{"embeddable":true,"href":"https:\/\/www.notaoficial.com\/s\/wp-json\/wp\/v2\/media\/8537"}],"wp:attachment":[{"href":"https:\/\/www.notaoficial.com\/s\/wp-json\/wp\/v2\/media?parent=8536"}],"wp:term":[{"taxonomy":"category","embeddable":true,"href":"https:\/\/www.notaoficial.com\/s\/wp-json\/wp\/v2\/categories?post=8536"},{"taxonomy":"post_tag","embeddable":true,"href":"https:\/\/www.notaoficial.com\/s\/wp-json\/wp\/v2\/tags?post=8536"}],"curies":[{"name":"wp","href":"https:\/\/api.w.org\/{rel}","templated":true}]}}