{"id":8613,"date":"2020-08-13T01:22:09","date_gmt":"2020-08-13T05:22:09","guid":{"rendered":"https:\/\/www.notaoficial.com\/s\/?p=8613"},"modified":"2020-08-12T23:26:34","modified_gmt":"2020-08-13T03:26:34","slug":"20-de-los-venezolanos-sufren-de-problemas-de-estrenimiento","status":"publish","type":"post","link":"https:\/\/www.notaoficial.com\/s\/2020\/08\/13\/20-de-los-venezolanos-sufren-de-problemas-de-estrenimiento\/","title":{"rendered":"20% de los venezolanos sufren de problemas de estre\u00f1imiento"},"content":{"rendered":"<p>El estre\u00f1imiento \u201ces un s\u00edntoma de s\u00edntomas\u201d, que no s\u00f3lo comprende la disminuci\u00f3n de la frecuencia evacuatoria, sino que comprende otros s\u00edntomas relacionados a la dificultad en la evacuaci\u00f3n, a saber: esfuerzo defecatorio, heces duras, sensaci\u00f3n de evacuaci\u00f3n incompleta, sensaci\u00f3n de bloqueo y uso de maniobras digitales.<\/p>\n<p>Al respecto afirma el gastroenter\u00f3logo C\u00e9sar Louis, profesor universitario y ex presidente de la Sociedad Venezolana de Gastroenterolog\u00eda, que el <b>20% de la poblaci\u00f3n general\u00a0 sufre de estre\u00f1imiento<\/b>, es decir cerca de 6 millones de venezolanos, y de \u00e9ste porcentaje, es m\u00e1s frecuente en el sexo femenino.<\/p>\n<p>Padecer de estre\u00f1imiento puede afectar la vida diaria del paciente, especialmente si es de larga data, pues seg\u00fan refiere el especialista, el mundo cerebral de la persona que tiene s\u00edntomas severos, de incluso cinco o m\u00e1s d\u00edas sin ir al ba\u00f1o, gira en torno a poder evacuar.<\/p>\n<p>Es frecuente que el paciente acuda al m\u00e9dico cuando \u201caparecen s\u00edntomas diferentes a su condici\u00f3n cr\u00f3nica, como por ejemplo, el dolor y sangrado rectal propio de las hemorroides rotas o fisura anal. Pudiendo no consultar por los s\u00edntomas que caracterizan al estre\u00f1imiento per se\u201d, detall\u00f3 el experto.<\/p>\n<p>Explica que en muchos casos, son los cuidadores de los pacientes quienes acuden al m\u00e9dico especialista, bien porque se trata de ni\u00f1os y sus padres se dan cuenta de que no han evacuado, porque son personas con defectos cognitivos o alteraciones psicol\u00f3gicas, por ejemplo el Alzheimer o S\u00edndrome de Down, e inclusive por creencias err\u00f3neas.<\/p>\n<p>El especialista se\u00f1ala que a diferencia de lo que muchos piensan, evacuar tres veces al d\u00eda o tres veces por semana puede ser normal para el ser humano, pero lo que no puede ser normal, es evacuar dos o menos veces a la semana.<\/p>\n<p>\u201cSer\u00eda un mito decir que la evacuaci\u00f3n diaria es lo normal tanto como decir que es normal que se tenga que hacer fuerza todas las veces que se va al ba\u00f1o. Eso es completamente anormal\u201d, explic\u00f3 Louis.<\/p>\n<p><b>Mayor\u00eda de casos en Venezuela son cr\u00f3nicos<\/b><\/p>\n<p>El experto destaca que existe un grupo de patolog\u00edas que complican el estre\u00f1imiento.<\/p>\n<p>\u201cPueden haber pacientes con patolog\u00edas cr\u00f3nicas como las cardiovasculares, en donde algunos medicamentos pueden causar disminuci\u00f3n de la motilidad intestinal y producir disminuci\u00f3n de la frecuencia evacuatoria causando o agravando el estre\u00f1imiento\u201d, dijo.<\/p>\n<p>Louis explica que\u00a0 existen cinco tipos de estre\u00f1imiento, el de tr\u00e1nsito lento, tr\u00e1nsito normal, por disfunci\u00f3n de piso p\u00e9lvico, mixto y otras patolog\u00edas como la diabetes mellitus o el hipotiroidismo, no obstante existe adem\u00e1s dos categor\u00edas que pueden ampliar el diagn\u00f3stico, \u201ccr\u00f3nico y funcional\u201d<\/p>\n<p>\u201cEl estre\u00f1imiento es cr\u00f3nico cuando tiene un tiempo de evoluci\u00f3n de m\u00e1s de 6 meses. Otro apellido es el de funcional, \u00e9ste constituye el 80% de las causas de estre\u00f1imiento y significa que no hay nada org\u00e1nico o estructural y se le denomina Estre\u00f1imiento Cr\u00f3nico Funcional\u201d, indic\u00f3 el tambi\u00e9n miembro fundador de la Sociedad Latinoamericana de Neurogastroenterolog\u00eda.<\/p>\n<p>En este sentido, Louis se\u00f1ala que la mayor\u00eda de los estre\u00f1idos en Venezuela son cr\u00f3nicos funcionales, es decir que no se encuentra una causa org\u00e1nica del estre\u00f1imiento, siendo la causa funcional.<\/p>\n","protected":false},"excerpt":{"rendered":"<p>El estre\u00f1imiento \u201ces un s\u00edntoma de s\u00edntomas\u201d, que no s\u00f3lo comprende la disminuci\u00f3n de la frecuencia evacuatoria, sino que comprende otros s\u00edntomas relacionados a la dificultad en la evacuaci\u00f3n, a saber: esfuerzo defecatorio, heces duras, sensaci\u00f3n de evacuaci\u00f3n incompleta, sensaci\u00f3n de bloqueo y uso de maniobras digitales. Al respecto afirma el gastroenter\u00f3logo C\u00e9sar Louis, profesor [&hellip;]<\/p>\n","protected":false},"author":2,"featured_media":0,"comment_status":"closed","ping_status":"open","sticky":false,"template":"","format":"standard","meta":[],"categories":[8960,2],"tags":[8961,7883],"wppr_data":{"cwp_meta_box_check":"No"},"_links":{"self":[{"href":"https:\/\/www.notaoficial.com\/s\/wp-json\/wp\/v2\/posts\/8613"}],"collection":[{"href":"https:\/\/www.notaoficial.com\/s\/wp-json\/wp\/v2\/posts"}],"about":[{"href":"https:\/\/www.notaoficial.com\/s\/wp-json\/wp\/v2\/types\/post"}],"author":[{"embeddable":true,"href":"https:\/\/www.notaoficial.com\/s\/wp-json\/wp\/v2\/users\/2"}],"replies":[{"embeddable":true,"href":"https:\/\/www.notaoficial.com\/s\/wp-json\/wp\/v2\/comments?post=8613"}],"version-history":[{"count":1,"href":"https:\/\/www.notaoficial.com\/s\/wp-json\/wp\/v2\/posts\/8613\/revisions"}],"predecessor-version":[{"id":8614,"href":"https:\/\/www.notaoficial.com\/s\/wp-json\/wp\/v2\/posts\/8613\/revisions\/8614"}],"wp:attachment":[{"href":"https:\/\/www.notaoficial.com\/s\/wp-json\/wp\/v2\/media?parent=8613"}],"wp:term":[{"taxonomy":"category","embeddable":true,"href":"https:\/\/www.notaoficial.com\/s\/wp-json\/wp\/v2\/categories?post=8613"},{"taxonomy":"post_tag","embeddable":true,"href":"https:\/\/www.notaoficial.com\/s\/wp-json\/wp\/v2\/tags?post=8613"}],"curies":[{"name":"wp","href":"https:\/\/api.w.org\/{rel}","templated":true}]}}