{"id":8673,"date":"2020-08-24T19:36:37","date_gmt":"2020-08-24T23:36:37","guid":{"rendered":"https:\/\/www.notaoficial.com\/s\/?p=8673"},"modified":"2020-08-24T06:49:57","modified_gmt":"2020-08-24T10:49:57","slug":"el-angel-caido-xv-aniversario-de-avalanch-ya-disponible-en-formato-cd-digipack-y-en-plataformas-digitales","status":"publish","type":"post","link":"https:\/\/www.notaoficial.com\/s\/2020\/08\/24\/el-angel-caido-xv-aniversario-de-avalanch-ya-disponible-en-formato-cd-digipack-y-en-plataformas-digitales\/","title":{"rendered":"El \u00c1ngel Ca\u00eddo (XV Aniversario), de Avalanch, ya disponible en formato CD (digipack) y en plataformas digitales"},"content":{"rendered":"<p style=\"text-align: center;\">Por Daniel Hern\u00e1ndez Sarmiento<\/p>\n<p align=\"justify\"><span lang=\"ES-TRAD\"><b>\u201cEl \u00c1ngel Ca\u00eddo (XV Aniversario)\u201d<\/b>, una de las obras m\u00e1s importantes de <b>AVALANCH<\/b> y \u00e1lbum clave del heavy metal cantado en castellano, estar\u00e1 disponible, por primera vez, en plataformas digitales. Tres a\u00f1os despu\u00e9s de su regrabaci\u00f3n con su formaci\u00f3n renovada, la <b>\u201cAll Star Band\u201d<\/b>, el disco se reedita en <b>formato digipack<\/b> y se podr\u00e1 descargar en formato digital, as\u00ed como escuchar en las <b>plataformas de streaming<\/b>.<\/span><\/p>\n<p align=\"justify\"><span lang=\"ES-TRAD\"><b>\u201cEl \u00c1ngel Ca\u00eddo\u201d<\/b> es uno de los trabajos m\u00e1s influyentes del g\u00e9nero, cuya inspiraci\u00f3n musical y conceptual dio origen al nacimiento de multitud de bandas y al resurgir del power metal en toda Espa\u00f1a y Latinoam\u00e9rica.<\/span><\/p>\n<p align=\"justify\"><span lang=\"ES-TRAD\">Esta regrabaci\u00f3n, realizada en los <b>Estudios Sanctuarium<\/b>, supuso el retorno de <b>AVALANCH<\/b> a los escenarios, tras unos a\u00f1os de letargo, con una formaci\u00f3n de verdadero lujo, liderada por el guitarrista y fundador <b>Alberto Rionda<\/b>. Completan la <b>\u201cAll Star Band\u201d <\/b>en el \u00e1lbum: <b>Jorge Sal\u00e1n<\/b> a la otra guitarra, <b>Jos\u00e9 Paz<\/b> a los teclados, <b>Magnus Ros\u00e9n<\/b> al bajo, <b>Mike Terrana<\/b> a la bater\u00eda e <b>Isra Ramos<\/b> como cantante, el cual, adem\u00e1s, ha llevado a cabo las orquestaciones para el disco.<\/span><\/p>\n<p align=\"justify\"><span lang=\"ES-TRAD\">Desde temas como <b>\u201cDelirios de Grandeza\u201d<\/b>, <b>\u201cXana\u201d<\/b> o <b>\u201cLas Ruinas del Ed\u00e9n\u201d<\/b>, en cuyo Acto II vuelve a colaborar <b>Leo Jim\u00e9nez<\/b>, hasta su ic\u00f3nica portada, concebida por <b>Luis Royo<\/b> y ahora redise\u00f1ada para la ocasi\u00f3n por <b>Nekro<\/b>, elevan a cotas todav\u00eda m\u00e1s altas la calidad y el esp\u00edritu de un disco fundamental en la discograf\u00eda del metal hispano.<br \/>\n<\/span><\/p>\n<p align=\"justify\"><span lang=\"ES-TRAD\">\u00a0<\/span><\/p>\n","protected":false},"excerpt":{"rendered":"<p>Por Daniel Hern\u00e1ndez Sarmiento \u201cEl \u00c1ngel Ca\u00eddo (XV Aniversario)\u201d, una de las obras m\u00e1s importantes de AVALANCH y \u00e1lbum clave del heavy metal cantado en castellano, estar\u00e1 disponible, por primera vez, en plataformas digitales. Tres a\u00f1os despu\u00e9s de su regrabaci\u00f3n con su formaci\u00f3n renovada, la \u201cAll Star Band\u201d, el disco se reedita en formato digipack [&hellip;]<\/p>\n","protected":false},"author":2,"featured_media":8681,"comment_status":"closed","ping_status":"open","sticky":false,"template":"","format":"standard","meta":[],"categories":[146],"tags":[8980,8965,1204,381],"wppr_data":{"cwp_meta_box_check":"No"},"_links":{"self":[{"href":"https:\/\/www.notaoficial.com\/s\/wp-json\/wp\/v2\/posts\/8673"}],"collection":[{"href":"https:\/\/www.notaoficial.com\/s\/wp-json\/wp\/v2\/posts"}],"about":[{"href":"https:\/\/www.notaoficial.com\/s\/wp-json\/wp\/v2\/types\/post"}],"author":[{"embeddable":true,"href":"https:\/\/www.notaoficial.com\/s\/wp-json\/wp\/v2\/users\/2"}],"replies":[{"embeddable":true,"href":"https:\/\/www.notaoficial.com\/s\/wp-json\/wp\/v2\/comments?post=8673"}],"version-history":[{"count":1,"href":"https:\/\/www.notaoficial.com\/s\/wp-json\/wp\/v2\/posts\/8673\/revisions"}],"predecessor-version":[{"id":8682,"href":"https:\/\/www.notaoficial.com\/s\/wp-json\/wp\/v2\/posts\/8673\/revisions\/8682"}],"wp:featuredmedia":[{"embeddable":true,"href":"https:\/\/www.notaoficial.com\/s\/wp-json\/wp\/v2\/media\/8681"}],"wp:attachment":[{"href":"https:\/\/www.notaoficial.com\/s\/wp-json\/wp\/v2\/media?parent=8673"}],"wp:term":[{"taxonomy":"category","embeddable":true,"href":"https:\/\/www.notaoficial.com\/s\/wp-json\/wp\/v2\/categories?post=8673"},{"taxonomy":"post_tag","embeddable":true,"href":"https:\/\/www.notaoficial.com\/s\/wp-json\/wp\/v2\/tags?post=8673"}],"curies":[{"name":"wp","href":"https:\/\/api.w.org\/{rel}","templated":true}]}}