{"id":8784,"date":"2020-09-05T20:48:47","date_gmt":"2020-09-06T00:48:47","guid":{"rendered":"https:\/\/www.notaoficial.com\/s\/?p=8784"},"modified":"2020-09-05T07:50:12","modified_gmt":"2020-09-05T11:50:12","slug":"jn-music-group-lamenta-el-fallecimiento-del-productor-summer-carbuccia","status":"publish","type":"post","link":"https:\/\/www.notaoficial.com\/s\/2020\/09\/05\/jn-music-group-lamenta-el-fallecimiento-del-productor-summer-carbuccia\/","title":{"rendered":"JN Music Group lamenta el fallecimiento del productor Summer Carbuccia"},"content":{"rendered":"<p align=\"justify\"><strong>JN Music Group<\/strong>, empresa fundada y dirigida por los hermanos <strong>Juan Hidalgo<\/strong> y <strong>Nelson Est\u00e9vez<\/strong>, lamenta el fallecimiento de su amigo y colaborador el productor <strong>Summer Carbuccia<\/strong>.<\/p>\n<p align=\"justify\">\u00abSummer fue un gran amigo, colaborador y siempre estuvo al tanto de muchos proyectos que desarrollamos, adem\u00e1s que siempre contamos con su invaluable amistad\u00bb expres\u00f3 Juan Hidalgo, presidente de JN Music Group.<\/p>\n<p align=\"justify\">Seg\u00fan la rese\u00f1a del peri\u00f3dico dominicano El List\u00edn Diario inform\u00f3 que el reconocido hombre de la televisi\u00f3n, que recientemente fue de retirada al pa\u00eds caribe\u00f1o desde la ciudad de Miami, expir\u00f3 en casa de unos compadres, con quienes compart\u00eda la tarde de este martes.<\/p>\n<p align=\"justify\">Summer comenz\u00f3 a destacarse a partir de 1978 cuando pas\u00f3 a formar parte de Teleantillas como encargado de promociones y director del noticiario.<\/p>\n<p align=\"justify\">En el canal 2 dirige el programa \u00abTick, tack, tok\u00bb, con Freddy Ginebra, a quien tambi\u00e9n produjo m\u00e1s tarde \u00abEn Primera Fila\u00bb.<\/p>\n<p align=\"justify\">En 1981 dirigi\u00f3 la segunda etapa del programa \u00abRomance con Lope Balaguer\u00bb y a\u00f1os m\u00e1s tarde \u00abFriendo y Comiendo\u00bb, con <strong>Jochy Santos<\/strong>, \u00abNoche y D\u00eda\u00bb, con <strong>Magna Florencio<\/strong> y <strong>Miguel Angel Herrera<\/strong>.<\/p>\n<p align=\"justify\">Junto a <strong>Aquiles Dur\u00e1n<\/strong> conform\u00f3 uno de los d\u00faos de la producci\u00f3n de televisi\u00f3n m\u00e1s exitosos de Rep\u00fablica Dominicana.<\/p>\n<p align=\"justify\">Fue el primer productor de \u00abRadio TV\u00bb, el espacio conducido por <strong>Domingo Baustita<\/strong> y <strong>Aracelis Melo<\/strong>, en TV 13, hoy Telencentro.<\/p>\n<p align=\"justify\">Adem\u00e1s de programas fue director de videos, entre ellos \u00abEl Jardinero\u00bb y \u00abEl Africano\u00bb, de <strong>Wilfrido Vargas,<\/strong> y \u00abAl ritmo de la noche\u00bb, en voz de Sophy, adem\u00e1s de audiovisuales de Los Kent\u00f3n, Tony Seval y muchos m\u00e1s.<\/p>\n<p align=\"justify\">En d\u00e9cadas pasadas se fue a vivir en la Florida, Estados Unidos, pero en los \u00faltimos tiempos regres\u00f3 a vivir a su pa\u00eds.<\/p>\n<p align=\"justify\"><strong>\u201cDescansa en paz querido Amigo\u201d<\/strong><\/p>\n<p>&nbsp;<\/p>\n","protected":false},"excerpt":{"rendered":"<p>JN Music Group, empresa fundada y dirigida por los hermanos Juan Hidalgo y Nelson Est\u00e9vez, lamenta el fallecimiento de su amigo y colaborador el productor Summer Carbuccia. \u00abSummer fue un gran amigo, colaborador y siempre estuvo al tanto de muchos proyectos que desarrollamos, adem\u00e1s que siempre contamos con su invaluable amistad\u00bb expres\u00f3 Juan Hidalgo, presidente [&hellip;]<\/p>\n","protected":false},"author":2,"featured_media":8785,"comment_status":"closed","ping_status":"open","sticky":false,"template":"","format":"standard","meta":[],"categories":[146],"tags":[8605,9061],"wppr_data":{"cwp_meta_box_check":"No"},"_links":{"self":[{"href":"https:\/\/www.notaoficial.com\/s\/wp-json\/wp\/v2\/posts\/8784"}],"collection":[{"href":"https:\/\/www.notaoficial.com\/s\/wp-json\/wp\/v2\/posts"}],"about":[{"href":"https:\/\/www.notaoficial.com\/s\/wp-json\/wp\/v2\/types\/post"}],"author":[{"embeddable":true,"href":"https:\/\/www.notaoficial.com\/s\/wp-json\/wp\/v2\/users\/2"}],"replies":[{"embeddable":true,"href":"https:\/\/www.notaoficial.com\/s\/wp-json\/wp\/v2\/comments?post=8784"}],"version-history":[{"count":1,"href":"https:\/\/www.notaoficial.com\/s\/wp-json\/wp\/v2\/posts\/8784\/revisions"}],"predecessor-version":[{"id":8786,"href":"https:\/\/www.notaoficial.com\/s\/wp-json\/wp\/v2\/posts\/8784\/revisions\/8786"}],"wp:featuredmedia":[{"embeddable":true,"href":"https:\/\/www.notaoficial.com\/s\/wp-json\/wp\/v2\/media\/8785"}],"wp:attachment":[{"href":"https:\/\/www.notaoficial.com\/s\/wp-json\/wp\/v2\/media?parent=8784"}],"wp:term":[{"taxonomy":"category","embeddable":true,"href":"https:\/\/www.notaoficial.com\/s\/wp-json\/wp\/v2\/categories?post=8784"},{"taxonomy":"post_tag","embeddable":true,"href":"https:\/\/www.notaoficial.com\/s\/wp-json\/wp\/v2\/tags?post=8784"}],"curies":[{"name":"wp","href":"https:\/\/api.w.org\/{rel}","templated":true}]}}