{"id":8841,"date":"2020-09-14T22:25:36","date_gmt":"2020-09-15T02:25:36","guid":{"rendered":"https:\/\/www.notaoficial.com\/s\/?p=8841"},"modified":"2020-09-14T09:26:49","modified_gmt":"2020-09-14T13:26:49","slug":"henry-jimenez-productor-musical-de-the-voice-dominicana","status":"publish","type":"post","link":"https:\/\/www.notaoficial.com\/s\/2020\/09\/14\/henry-jimenez-productor-musical-de-the-voice-dominicana\/","title":{"rendered":"Henry Jim\u00e9nez productor musical de \u00abThe Voice Dominicana\u00bb"},"content":{"rendered":"<p align=\"justify\">El artista, m\u00fasico y productor <strong>Henry Jim\u00e9nez<\/strong> se prepara para desempe\u00f1ar su nuevo rol como Productor Musical del reconocido programa \u00abThe Voice Dominicana\u00bb (La Voz) en su primera versi\u00f3n realizada en la Rep\u00fablica Dominicana.<\/p>\n<p align=\"justify\">La informaci\u00f3n la ofreci\u00f3 Ram Group Global y Procapital Films, empresas encargadas de llevar a cabo la producci\u00f3n de este reality show que contar\u00e1 con <strong>Tristan Des\u00e9chense, Ariel Nina y Ram\u00f3n Maxwel<\/strong> como productores ejecutivos, <strong>Hugo Devana<\/strong>, como productor general y <strong>Omar Crespo<\/strong> como productor asociado de este programa que empezar\u00e1 las audiciones en noviembre de este a\u00f1o y ya anunciaron al multipremiado <strong>Juan Mag\u00e1n<\/strong> como uno de los jueces que adem\u00e1s contar\u00e1n con otras grandes estrellas de la m\u00fasica.<\/p>\n<p align=\"justify\">\u00abMe siento m\u00e1s que agradecido por la oportunidad y por llevar a cabo la responsabilidad como productor musical en su versi\u00f3n dominicana del programa m\u00e1s exitoso en su g\u00e9nero a nivel mundial\u00bb manifest\u00f3 Henry Jim\u00e9nez quien ha sido reconocido m\u00faltiples veces tanto dentro como fuera del pa\u00eds.<\/p>\n<p align=\"justify\">Adem\u00e1s Henry se uni\u00f3 al productor Ren\u00e9 Brea para crear una plataforma de conciertos digitales con alta calidad de producci\u00f3n llamada \u201cADN Stream Concerts\u201d donde se transmitir\u00e1n conciertos de artistas como <strong>H\u00e9ctor Acosta \u201cEl Torito\u201d, Johnny Ventura, Eddy Herrera<\/strong>, entre otros y desde el 2017 ha sido el productor musical del programa televisivo \u201cMe Gusta De Noche con Jhoel L\u00f3pez\u201d quien gan\u00f3 en Premios Soberano como \u00abPrograma Semanal de Variedades\u00bb.<\/p>\n<p align=\"justify\">Henry Jim\u00e9nez se ha desarrollado como empresario, productor, director y arreglista musical para artistas de la talla de <strong>Milly Quezada, Olga Ta\u00f1\u00f3n, To\u00f1o Rosario, H\u00e9ctor Acosta \u00abEl Torito\u00bb, Elvis Crespo, Johnny Ventura, Miriam Cruz, Rubby P\u00e9rez, Fernando Villalona, Manny Manuel, Grupo Mania, Merenbooty Girls, Vico-C, Melina Le\u00f3n, Jessica Cristina, Fransheska, Lisa M, Jaileen Cintr\u00f3n, La Coco Band, Kinito M\u00e9ndez, Los Homeboys, Sin Frontera, Hermanos Rosario, Jandy Feliz, Alex Bueno<\/strong>, entre otros.<\/p>\n<p>&nbsp;<\/p>\n","protected":false},"excerpt":{"rendered":"<p>El artista, m\u00fasico y productor Henry Jim\u00e9nez se prepara para desempe\u00f1ar su nuevo rol como Productor Musical del reconocido programa \u00abThe Voice Dominicana\u00bb (La Voz) en su primera versi\u00f3n realizada en la Rep\u00fablica Dominicana. La informaci\u00f3n la ofreci\u00f3 Ram Group Global y Procapital Films, empresas encargadas de llevar a cabo la producci\u00f3n de este reality [&hellip;]<\/p>\n","protected":false},"author":2,"featured_media":8842,"comment_status":"closed","ping_status":"open","sticky":false,"template":"","format":"standard","meta":[],"categories":[146],"tags":[8645,5388,8615,9102,9098,2089,8614,9108,9104,9109,9101,5787,8658,9105,9103,9106,9097,8847,9099,5789,8661,3337,8665,9107,8850,9100],"wppr_data":{"cwp_meta_box_check":"No"},"_links":{"self":[{"href":"https:\/\/www.notaoficial.com\/s\/wp-json\/wp\/v2\/posts\/8841"}],"collection":[{"href":"https:\/\/www.notaoficial.com\/s\/wp-json\/wp\/v2\/posts"}],"about":[{"href":"https:\/\/www.notaoficial.com\/s\/wp-json\/wp\/v2\/types\/post"}],"author":[{"embeddable":true,"href":"https:\/\/www.notaoficial.com\/s\/wp-json\/wp\/v2\/users\/2"}],"replies":[{"embeddable":true,"href":"https:\/\/www.notaoficial.com\/s\/wp-json\/wp\/v2\/comments?post=8841"}],"version-history":[{"count":1,"href":"https:\/\/www.notaoficial.com\/s\/wp-json\/wp\/v2\/posts\/8841\/revisions"}],"predecessor-version":[{"id":8843,"href":"https:\/\/www.notaoficial.com\/s\/wp-json\/wp\/v2\/posts\/8841\/revisions\/8843"}],"wp:featuredmedia":[{"embeddable":true,"href":"https:\/\/www.notaoficial.com\/s\/wp-json\/wp\/v2\/media\/8842"}],"wp:attachment":[{"href":"https:\/\/www.notaoficial.com\/s\/wp-json\/wp\/v2\/media?parent=8841"}],"wp:term":[{"taxonomy":"category","embeddable":true,"href":"https:\/\/www.notaoficial.com\/s\/wp-json\/wp\/v2\/categories?post=8841"},{"taxonomy":"post_tag","embeddable":true,"href":"https:\/\/www.notaoficial.com\/s\/wp-json\/wp\/v2\/tags?post=8841"}],"curies":[{"name":"wp","href":"https:\/\/api.w.org\/{rel}","templated":true}]}}