{"id":8976,"date":"2020-09-27T21:02:03","date_gmt":"2020-09-28T01:02:03","guid":{"rendered":"https:\/\/www.notaoficial.com\/s\/?p=8976"},"modified":"2020-09-27T08:03:44","modified_gmt":"2020-09-27T12:03:44","slug":"stravaganzza-estrena-impotencia-ii-tercer-adelanto-de-su-album-en-directo-la-noche-del-fenix","status":"publish","type":"post","link":"https:\/\/www.notaoficial.com\/s\/2020\/09\/27\/stravaganzza-estrena-impotencia-ii-tercer-adelanto-de-su-album-en-directo-la-noche-del-fenix\/","title":{"rendered":"Stravaganzza estrena &#8216;Impotencia II&#8217;, tercer adelanto de su \u00e1lbum en directo La Noche del F\u00e9nix"},"content":{"rendered":"<p align=\"justify\"><span lang=\"ES-TRAD\"><b>&#8216;La Noche del F\u00e9nix&#8217;<\/b>, el nuevo trabajo en directo de <b>STRAVAGANZZA<\/b>, ver\u00e1 la luz en forma de <b>DVD<\/b> con\u00a0<b>2 CD<\/b>, en un cuidado formato digipack,\u00a0el pr\u00f3ximo <b>2 de octubre<\/b>. En este \u00e1lbum se recoge toda la magia y la potencia de la banda en directo, registrado en el concierto\u00a0en <b>La Riviera<\/b> de <b>Madrid<\/b>, que tuvo lugar el pasado 28 de septiembre de 2019.<\/span><\/p>\n<p align=\"justify\"><span lang=\"ES-TRAD\">A trav\u00e9s de este trabajo, que contar\u00e1 con un extenso libreto con cantidad de fotograf\u00edas del concierto, realizadas por Mikel Masa,\u00a0<b>STRAVAGANZZA<\/b> rememora una noche inolvidable, en la que realizaron un\u00a0repaso\u00a0de las canciones m\u00e1s m\u00edticas de su trayectoria. <\/span><span lang=\"ES-TRAD\">Un espectacular y \u00fanico concierto\u00a0en el que los integrantes de la banda contaron sobre el escenario, adem\u00e1s, con la presencia de un <b>cuarteto de cuerda<\/b>, una <b>coral<\/b> y <b>bailarinas<\/b>, que completan a la perfecci\u00f3n\u00a0su espect\u00e1culo. <\/span><span lang=\"ES-TRAD\">El v\u00eddeo que recoge el DVD ha sido dirigido y editado por <b>Mario Ruiz<\/b>, de <b>Krea.<\/b> <b>Anti Horrillo<\/b>, por su parte, estuvo a cargo de toda la parte de audio y grabaci\u00f3n de sonido, adem\u00e1s de realizar\u00a0la mezcla y masterizaci\u00f3n del \u00e1lbum en <b>Anti Estudio<\/b>.<\/span><\/p>\n<p align=\"justify\"><span lang=\"ES-TRAD\">El trabajo est\u00e1 formado por un total de 27 canciones, que encierran la esencia \u00fanica y compleja que caracteriza a <b>STRAVAGANZZA <\/b>y, las cuales, la formaci\u00f3n descarga sobre las tablas haciendo gala de la gran calidad interpretativa de sus miembros: <b>Leo Jim\u00e9nez<\/b> (voz), <b>Pepe Herrero<\/b> y <b>Miguel Ontivero<\/b> (guitarras), <b>Patricio Babasasa<\/b> (bajo) y <b>Carlos Exp\u00f3sito<\/b> (bater\u00eda).<\/span><\/p>\n<p align=\"justify\"><span lang=\"ES-TRAD\"><b>&#8216;La Noche del F\u00e9nix&#8217;<\/b> es un broche de oro a toda una etapa de <b>STRAVAGANZZA<\/b> que, tras cuatro \u00e1lbumes y un EP publicados\u00a0desde su formaci\u00f3n,\u00a0se ve culminada por todo lo alto.<\/span><\/p>\n<p>&nbsp;<\/p>\n","protected":false},"excerpt":{"rendered":"<p>&#8216;La Noche del F\u00e9nix&#8217;, el nuevo trabajo en directo de STRAVAGANZZA, ver\u00e1 la luz en forma de DVD con\u00a02 CD, en un cuidado formato digipack,\u00a0el pr\u00f3ximo 2 de octubre. En este \u00e1lbum se recoge toda la magia y la potencia de la banda en directo, registrado en el concierto\u00a0en La Riviera de Madrid, que tuvo [&hellip;]<\/p>\n","protected":false},"author":2,"featured_media":8977,"comment_status":"closed","ping_status":"open","sticky":false,"template":"","format":"standard","meta":[],"categories":[146],"tags":[8907],"wppr_data":{"cwp_meta_box_check":"No"},"_links":{"self":[{"href":"https:\/\/www.notaoficial.com\/s\/wp-json\/wp\/v2\/posts\/8976"}],"collection":[{"href":"https:\/\/www.notaoficial.com\/s\/wp-json\/wp\/v2\/posts"}],"about":[{"href":"https:\/\/www.notaoficial.com\/s\/wp-json\/wp\/v2\/types\/post"}],"author":[{"embeddable":true,"href":"https:\/\/www.notaoficial.com\/s\/wp-json\/wp\/v2\/users\/2"}],"replies":[{"embeddable":true,"href":"https:\/\/www.notaoficial.com\/s\/wp-json\/wp\/v2\/comments?post=8976"}],"version-history":[{"count":1,"href":"https:\/\/www.notaoficial.com\/s\/wp-json\/wp\/v2\/posts\/8976\/revisions"}],"predecessor-version":[{"id":8978,"href":"https:\/\/www.notaoficial.com\/s\/wp-json\/wp\/v2\/posts\/8976\/revisions\/8978"}],"wp:featuredmedia":[{"embeddable":true,"href":"https:\/\/www.notaoficial.com\/s\/wp-json\/wp\/v2\/media\/8977"}],"wp:attachment":[{"href":"https:\/\/www.notaoficial.com\/s\/wp-json\/wp\/v2\/media?parent=8976"}],"wp:term":[{"taxonomy":"category","embeddable":true,"href":"https:\/\/www.notaoficial.com\/s\/wp-json\/wp\/v2\/categories?post=8976"},{"taxonomy":"post_tag","embeddable":true,"href":"https:\/\/www.notaoficial.com\/s\/wp-json\/wp\/v2\/tags?post=8976"}],"curies":[{"name":"wp","href":"https:\/\/api.w.org\/{rel}","templated":true}]}}