{"id":8991,"date":"2020-09-29T22:00:44","date_gmt":"2020-09-30T02:00:44","guid":{"rendered":"https:\/\/www.notaoficial.com\/s\/?p=8991"},"modified":"2020-09-29T06:48:44","modified_gmt":"2020-09-29T10:48:44","slug":"laura-rivera-invita-a-maridalia-hernandez-en-te-he-perdido","status":"publish","type":"post","link":"https:\/\/www.notaoficial.com\/s\/2020\/09\/29\/laura-rivera-invita-a-maridalia-hernandez-en-te-he-perdido\/","title":{"rendered":"Laura Rivera invita a Maridalia Hern\u00e1ndez en \u00abTe He Perdido\u00bb"},"content":{"rendered":"<p style=\"text-align: center;\" align=\"justify\">Por <strong>Jon Urruzuno<\/strong><\/p>\n<p align=\"justify\"><strong>Maridalia Hern\u00e1ndez<\/strong>, una de las voces femeninas m\u00e1s relevantes de la Rep\u00fablica Dominicana es la invitada de honor de <strong>Laura Rivera<\/strong>, una melodiosa y talentosa voz en el tema \u00abTe He Perdido\u00bb en su versi\u00f3n en vivo que est\u00e1 disponible en todas las plataformas digitales bajo la distribuci\u00f3n de <strong>La Oreja Media Group<\/strong>.<\/p>\n<p align=\"justify\">\u00abEsta versi\u00f3n fue realizada durante la cuarentena por el COVID-19, como parte de nuestra participaci\u00f3n en la edici\u00f3n virtual de los Premios Indie Dominicanos. Gracias a todos nuestros amigos y colegas por su colaboraci\u00f3n: <strong>Guy Fr\u00f3meta<\/strong>: Bater\u00eda, <strong>Joel Ramirez<\/strong>: Percusi\u00f3n, <strong>Rodhen Santos<\/strong>: Flugelhorn, <strong>Alfio Lora<\/strong>: Teclados y Bandone\u00f3n, <strong>Rafa Payan<\/strong>: Guitarra y <strong>Rodrigo C\u00e1rdenas<\/strong>: Bajo\u00bb expres\u00f3 Laura.<\/p>\n<p align=\"justify\">El tema incluye un video realizado por: <strong>Rodrigo C\u00e1rdenas<\/strong> <a href=\"https:\/\/sable.madmimi.com\/c\/28511?id=15968954.18339.1.93a3ff668c6ce01f62bca2bf5cb2d0f7\" target=\"_blank\" rel=\"noopener noreferrer\" data-saferedirecturl=\"https:\/\/www.google.com\/url?q=https:\/\/sable.madmimi.com\/c\/28511?id%3D15968954.18339.1.93a3ff668c6ce01f62bca2bf5cb2d0f7&amp;source=gmail&amp;ust=1601462373829000&amp;usg=AFQjCNEjaJ3pxOgOePnrgZkaPRU6tI5CpQ\">disponible desde ya<\/a> por el canal oficial de la artista en Youtube.<\/p>\n<p align=\"justify\">Hace unos meses, Laura present\u00f3 su primer \u00e1lbum discogr\u00e1fico titulado \u00ab<a href=\"https:\/\/sable.madmimi.com\/c\/28511?id=15968954.18340.1.da0c507480c75592874c5440f2d9b93f\" target=\"_blank\" rel=\"noopener noreferrer\" data-saferedirecturl=\"https:\/\/www.google.com\/url?q=https:\/\/sable.madmimi.com\/c\/28511?id%3D15968954.18340.1.da0c507480c75592874c5440f2d9b93f&amp;source=gmail&amp;ust=1601462373829000&amp;usg=AFQjCNHSUGUPl5zH2qiRXGHVVq9-s6TKcQ\">Despertar<\/a>\u00bb una producci\u00f3n de <strong>Rafa Payan<\/strong> y co-producci\u00f3n de la propia artista, quien cont\u00f3 con un equipo de profesionales de primera l\u00ednea tanto en la composici\u00f3n como en la interpretaci\u00f3n de los instrumentos que se utilizaron.<\/p>\n<p align=\"justify\">El \u00e1lbum contiene 10 temas de la autor\u00eda de Laura y Rafa en colaboraci\u00f3n con otros autores dominicanos, como <strong>Roy Tabar\u00e9<\/strong>, <strong>Henry Gonz\u00e1lez<\/strong> y un tema de <strong>Oscar Almonte<\/strong>, as\u00ed como la musicalizaci\u00f3n de un poema de la poeta dominicana <strong>Martha Rivera-Garrido<\/strong>.<\/p>\n<p align=\"justify\">Adem\u00e1s, la producci\u00f3n contiene dos duetos, uno con la artista cubana <strong>Haydee Milanes<\/strong> y otro con <strong>Pavel N\u00fa\u00f1ez<\/strong>, tambi\u00e9n cont\u00f3 con la participaci\u00f3n de m\u00fasicos invitados como <strong>Guy Fr\u00f3meta, Ronny Cruz, Peter Nova, Edgar Molina, Jean Cuevas, Pablo Polanco, Jose Luis Sosa, Rodrigo Cardenas, Paul Votteler, Richard Bravo, Abraham Marte, David Vasquez<\/strong> y la participaci\u00f3n especial de <strong>Gregg Bissonette<\/strong>, baterista de <strong>Ringo Starr<\/strong>.<\/p>\n<p style=\"text-align: center;\">Por <strong>Jon Urruzuno<\/strong><\/p>\n","protected":false},"excerpt":{"rendered":"<p>Por Jon Urruzuno Maridalia Hern\u00e1ndez, una de las voces femeninas m\u00e1s relevantes de la Rep\u00fablica Dominicana es la invitada de honor de Laura Rivera, una melodiosa y talentosa voz en el tema \u00abTe He Perdido\u00bb en su versi\u00f3n en vivo que est\u00e1 disponible en todas las plataformas digitales bajo la distribuci\u00f3n de La Oreja Media [&hellip;]<\/p>\n","protected":false},"author":2,"featured_media":8992,"comment_status":"closed","ping_status":"open","sticky":false,"template":"","format":"standard","meta":[],"categories":[146],"tags":[9159,9160,9152,8628,9149,9153,9155,9145,9146,9147,9154,9157,9151,9158,9156,9150,9148],"wppr_data":{"cwp_meta_box_check":"No"},"_links":{"self":[{"href":"https:\/\/www.notaoficial.com\/s\/wp-json\/wp\/v2\/posts\/8991"}],"collection":[{"href":"https:\/\/www.notaoficial.com\/s\/wp-json\/wp\/v2\/posts"}],"about":[{"href":"https:\/\/www.notaoficial.com\/s\/wp-json\/wp\/v2\/types\/post"}],"author":[{"embeddable":true,"href":"https:\/\/www.notaoficial.com\/s\/wp-json\/wp\/v2\/users\/2"}],"replies":[{"embeddable":true,"href":"https:\/\/www.notaoficial.com\/s\/wp-json\/wp\/v2\/comments?post=8991"}],"version-history":[{"count":1,"href":"https:\/\/www.notaoficial.com\/s\/wp-json\/wp\/v2\/posts\/8991\/revisions"}],"predecessor-version":[{"id":8993,"href":"https:\/\/www.notaoficial.com\/s\/wp-json\/wp\/v2\/posts\/8991\/revisions\/8993"}],"wp:featuredmedia":[{"embeddable":true,"href":"https:\/\/www.notaoficial.com\/s\/wp-json\/wp\/v2\/media\/8992"}],"wp:attachment":[{"href":"https:\/\/www.notaoficial.com\/s\/wp-json\/wp\/v2\/media?parent=8991"}],"wp:term":[{"taxonomy":"category","embeddable":true,"href":"https:\/\/www.notaoficial.com\/s\/wp-json\/wp\/v2\/categories?post=8991"},{"taxonomy":"post_tag","embeddable":true,"href":"https:\/\/www.notaoficial.com\/s\/wp-json\/wp\/v2\/tags?post=8991"}],"curies":[{"name":"wp","href":"https:\/\/api.w.org\/{rel}","templated":true}]}}