{"id":9011,"date":"2020-10-01T18:15:32","date_gmt":"2020-10-01T22:15:32","guid":{"rendered":"https:\/\/www.notaoficial.com\/s\/?p=9011"},"modified":"2020-10-07T00:52:51","modified_gmt":"2020-10-07T04:52:51","slug":"a-tono-publica-su-nuevo-album-el-camino","status":"publish","type":"post","link":"https:\/\/www.notaoficial.com\/s\/2020\/10\/01\/a-tono-publica-su-nuevo-album-el-camino\/","title":{"rendered":"A-tono publica su nuevo \u00e1lbum &#8216;El Camino&#8217;"},"content":{"rendered":"<p style=\"text-align: center;\" align=\"justify\">Por <strong>Jaime Bonetti Zeller<\/strong><\/p>\n<p align=\"justify\"><span style=\"font-size: small;\"><b>\u201cEl Camino\u201d<\/b> es el \u00faltimo \u00e1lbum de <b>A-TONO<\/b>, una banda de <b>rock<\/b> que aglutina gran cantidad de ingredientes: Potentes riffs de guitarra, c\u00f3mplices de las melod\u00edas, ajustadas por una base contundente, y una voz rasgada repleta de matices que expresa y descubre ideas y razonamientos sinceros que definen nuestros pasos en el camino hacia el conocimiento.<\/span><\/p>\n<p align=\"justify\"><span style=\"font-size: small;\">Miles de cuerdas cambiadas, cientos de baquetas rotas, innumerables canciones, muchas de ellas olvidadas&#8230; Trillones de ensayos, alg\u00fan concierto multitudinario y otros cuantos casi en solitario, pegadas de carteles predecesoras de cargas y descargas de equipo.<\/span><\/p>\n<p align=\"justify\"><span style=\"font-size: small;\">Tres estudios de grabaci\u00f3n son c\u00f3mplices de los trabajos que hasta ahora han publicado. Esta discograf\u00eda se compone de dos maquetas: <b>\u201cManos Contra la Pared\u201d <\/b>(2010) y <b>\u201cHacia Donde nos Lleven las Manos\u201d<\/b> (2011), grabadas en Segovia en <b>Quir\u00f3fano Sonoro<\/b> y tres discos. El primero, <b>\u201cMorir Matando\u201d<\/b> (2014), fue grabado en <b>SonOArc<\/b> con<b> \u00d3scar Arce<\/b> en Cantabria. <b>\u201cIntrospecci\u00f3n\u201d<\/b> (2017) fue grabado en <b>Sonido XXI<\/b> con <b>Javi San Mart\u00edn<\/b> en Pamplona y para el tercero, <b>\u201cEl Camino\u201d<\/b>, han repetido en <b>Sonido XXI<\/b>.<\/span><\/p>\n<p align=\"justify\"><span style=\"font-size: small;\"><b>A-TONO<\/b> est\u00e1 formado por <b>Sim\u00f3n San Emeterio<\/b> a la bater\u00eda,<b> Juan Jos\u00e9 Hermosa<\/b> con el bajo y coros, <b>Jos\u00e9 Manuel D\u00edaz<\/b> a la guitarra y coros, <b>\u00d3scar Via\u00f1a<\/b> voz y guitarra y<b> Elena Ruiz<\/b> con el saxof\u00f3n y coros. Tras trece a\u00f1os juntos, el sentimiento y la ilusi\u00f3n se siguen incrementando.<\/span><\/p>\n<p align=\"justify\"><span style=\"font-size: small;\">Como ellos mismos afirman: <em>\u201cNosotros hacemos A-tono, A-tono nos hace a nosotros.\u201d<\/em><\/span><span lang=\"ES-TRAD\"><span style=\"font-size: small;\"><br \/>\n<\/span><\/span><\/p>\n<p align=\"center\"><a href=\"https:\/\/www.youtube.com\/watch?v=qpSPyGwjCEo\" target=\"_blank\" rel=\"noopener noreferrer\" data-saferedirecturl=\"https:\/\/www.google.com\/url?q=https:\/\/www.youtube.com\/watch?v%3DqpSPyGwjCEo&amp;source=gmail&amp;ust=1601644604835000&amp;usg=AFQjCNEItIbj1Ug8DWZpYlEYSqGnMpT1iw\"><img decoding=\"async\" loading=\"lazy\" class=\"CToWUd\" src=\"https:\/\/ci4.googleusercontent.com\/proxy\/-mKBhmkVKCKL7cJLVE41JE3um02739l6PPtB4K4bqOMbHls57dytkl3l8-2d6Mhh-vpOsE2ZzngntE_HenwI40IAgrPm_olLIlDGCKVNe7u2YuOGD1qq=s0-d-e1-ft#http:\/\/www.malditodigital.com\/images\/documentos\/A-TONO-dudaycaos.jpg\" width=\"600\" height=\"338\" border=\"0\" \/><\/a><b><span style=\"font-size: xx-small;\">::\u00a0Pincha en la imagen para\u00a0ver el videoclip de\u00a0&#8216;Duda y Caos&#8217; ::<\/span><\/b><\/p>\n<p align=\"center\">Por <strong>Jaime Bonetti Zeller<\/strong><\/p>\n","protected":false},"excerpt":{"rendered":"<p>Por Jaime Bonetti Zeller \u201cEl Camino\u201d es el \u00faltimo \u00e1lbum de A-TONO, una banda de rock que aglutina gran cantidad de ingredientes: Potentes riffs de guitarra, c\u00f3mplices de las melod\u00edas, ajustadas por una base contundente, y una voz rasgada repleta de matices que expresa y descubre ideas y razonamientos sinceros que definen nuestros pasos en [&hellip;]<\/p>\n","protected":false},"author":2,"featured_media":9012,"comment_status":"closed","ping_status":"open","sticky":false,"template":"","format":"standard","meta":[],"categories":[146],"tags":[9164,9165,9141,9140],"wppr_data":{"cwp_meta_box_check":"No"},"_links":{"self":[{"href":"https:\/\/www.notaoficial.com\/s\/wp-json\/wp\/v2\/posts\/9011"}],"collection":[{"href":"https:\/\/www.notaoficial.com\/s\/wp-json\/wp\/v2\/posts"}],"about":[{"href":"https:\/\/www.notaoficial.com\/s\/wp-json\/wp\/v2\/types\/post"}],"author":[{"embeddable":true,"href":"https:\/\/www.notaoficial.com\/s\/wp-json\/wp\/v2\/users\/2"}],"replies":[{"embeddable":true,"href":"https:\/\/www.notaoficial.com\/s\/wp-json\/wp\/v2\/comments?post=9011"}],"version-history":[{"count":1,"href":"https:\/\/www.notaoficial.com\/s\/wp-json\/wp\/v2\/posts\/9011\/revisions"}],"predecessor-version":[{"id":9013,"href":"https:\/\/www.notaoficial.com\/s\/wp-json\/wp\/v2\/posts\/9011\/revisions\/9013"}],"wp:featuredmedia":[{"embeddable":true,"href":"https:\/\/www.notaoficial.com\/s\/wp-json\/wp\/v2\/media\/9012"}],"wp:attachment":[{"href":"https:\/\/www.notaoficial.com\/s\/wp-json\/wp\/v2\/media?parent=9011"}],"wp:term":[{"taxonomy":"category","embeddable":true,"href":"https:\/\/www.notaoficial.com\/s\/wp-json\/wp\/v2\/categories?post=9011"},{"taxonomy":"post_tag","embeddable":true,"href":"https:\/\/www.notaoficial.com\/s\/wp-json\/wp\/v2\/tags?post=9011"}],"curies":[{"name":"wp","href":"https:\/\/api.w.org\/{rel}","templated":true}]}}