{"id":9030,"date":"2020-10-04T18:20:55","date_gmt":"2020-10-04T22:20:55","guid":{"rendered":"https:\/\/www.notaoficial.com\/s\/?p=9030"},"modified":"2020-10-04T07:28:11","modified_gmt":"2020-10-04T11:28:11","slug":"calox-lanza-campana-para-conectar-a-pacientes-medicos-y-farmacias","status":"publish","type":"post","link":"https:\/\/www.notaoficial.com\/s\/2020\/10\/04\/calox-lanza-campana-para-conectar-a-pacientes-medicos-y-farmacias\/","title":{"rendered":"Calox lanza campa\u00f1a para conectar a pacientes, m\u00e9dicos y farmacias"},"content":{"rendered":"<p style=\"text-align: center;\">Por <strong>Jaime Bonetti Zeller<\/strong><\/p>\n<p>Con el objetivo de reforzar su principal valor de \u201cpensar en otros primero\u201d, Calox International lanz\u00f3 su campa\u00f1a #CaloxContigo, en el marco de la celebraci\u00f3n de su 85 aniversario, ocho d\u00e9cadas dedicados al cuidado de las familias venezolanas.<\/p>\n<p>\u201cSe trata de una campa\u00f1a emotiva que humaniza nuestra marca, y con la cual nos acercamos en estos tiempo de pandemia a quienes nos han acompa\u00f1ado durante estos 85 a\u00f1os: m\u00e9dicos, pacientes, droguer\u00edas, farmacias, en fin, a todos nuestros aliados\u201d, expuso Mar\u00eda Francisca Monges, la gerente de Mercadeo de Calox International.<\/p>\n<p>\u201cEn Calox estamos comprometidos con Venezuela. Continuamos trabajando para ofrecer medicamentos de calidad y estar cerca de los pacientes y vemos en esta \u00e9poca de pandemia, una ocasi\u00f3n propicia para decirle a nuestra gente que, aqu\u00ed estamos y aqu\u00ed continuaremos, trabajando bajo estrictos protocolos de bioseguridad, garantizando el suministro de medicamentos en todo el pa\u00eds, involucr\u00e1ndonos m\u00e1s y acerc\u00e1ndonos a trav\u00e9s de las redes sociales, para educar sobre diversas patolog\u00edas que cobran ciento de miles de vida en el mundo como el Covid-19, la hipertensi\u00f3n, la diabetes y muchas otras\u201d, puntualiz\u00f3 Monges.<\/p>\n<p>La campa\u00f1a comunicacional fue abordada desde tres enfoques: \u201cEstamos reimpulsando nuestras redes sociales, por una parte, para mostrar lo que hemos logrado en el pa\u00eds durante estos 85 a\u00f1os, segundo, crear una vitrina virtual de nuestros productos para que sean m\u00e1s f\u00e1cil de ubicar por nuestros consumidores y, tercero, seguir robusteciendo los contenidos sobre salud, entre ellos fortalecer la informaci\u00f3n de prevenci\u00f3n frente al Covid-19, difundiendo las recomendaciones de la Organizaci\u00f3n Mundial de la Salud\u201d.<\/p>\n<p><strong>Una oportunidad para estar a tu lado<\/strong><\/p>\n<p>#CaloxContigo es la frase y el hashtag con la cual la empresa farmac\u00e9utica, con presencia en 8 pa\u00edses de Centroam\u00e9rica y el Caribe, adem\u00e1s de Venezuela, est\u00e1 identificando y activando parte de sus acciones del aniversario, tanto en su cuenta de Instagram @CaloxVenezuela como en su p\u00e1gina web <a href=\"http:\/\/www.calox.com\">www.calox.com<\/a>.<\/p>\n<p>Durante agosto, mes que marca el inicio de la celebraci\u00f3n cumplea\u00f1era en la organizaci\u00f3n y que se extender\u00e1 por gran parte del segundo semestre, <a href=\"https:\/\/www.notaoficial.com\/s\/2019\/05\/17\/calox-incorpora-festal-a-su-linea-de-productos\/\">Calox<\/a> inici\u00f3 tambi\u00e9n la difusi\u00f3n de contenidos de valor a trav\u00e9s de transmisiones <em>Live<\/em> en Instagram, en donde m\u00e9dicos especialistas compartir\u00e1n datos y consejos con el p\u00fablico, para seguir sumando informaci\u00f3n en la prevenci\u00f3n de la salud entre los venezolanos y seguidores de la marca en otros pa\u00edses.<\/p>\n<p style=\"text-align: center;\">Por <strong>Jaime Bonetti Zeller<\/strong><\/p>\n","protected":false},"excerpt":{"rendered":"<p>Por Jaime Bonetti Zeller Con el objetivo de reforzar su principal valor de \u201cpensar en otros primero\u201d, Calox International lanz\u00f3 su campa\u00f1a #CaloxContigo, en el marco de la celebraci\u00f3n de su 85 aniversario, ocho d\u00e9cadas dedicados al cuidado de las familias venezolanas. \u201cSe trata de una campa\u00f1a emotiva que humaniza nuestra marca, y con la [&hellip;]<\/p>\n","protected":false},"author":2,"featured_media":9031,"comment_status":"closed","ping_status":"open","sticky":false,"template":"","format":"standard","meta":[],"categories":[1363,93,2],"tags":[7176,9141,9140],"wppr_data":{"cwp_meta_box_check":"No"},"_links":{"self":[{"href":"https:\/\/www.notaoficial.com\/s\/wp-json\/wp\/v2\/posts\/9030"}],"collection":[{"href":"https:\/\/www.notaoficial.com\/s\/wp-json\/wp\/v2\/posts"}],"about":[{"href":"https:\/\/www.notaoficial.com\/s\/wp-json\/wp\/v2\/types\/post"}],"author":[{"embeddable":true,"href":"https:\/\/www.notaoficial.com\/s\/wp-json\/wp\/v2\/users\/2"}],"replies":[{"embeddable":true,"href":"https:\/\/www.notaoficial.com\/s\/wp-json\/wp\/v2\/comments?post=9030"}],"version-history":[{"count":1,"href":"https:\/\/www.notaoficial.com\/s\/wp-json\/wp\/v2\/posts\/9030\/revisions"}],"predecessor-version":[{"id":9032,"href":"https:\/\/www.notaoficial.com\/s\/wp-json\/wp\/v2\/posts\/9030\/revisions\/9032"}],"wp:featuredmedia":[{"embeddable":true,"href":"https:\/\/www.notaoficial.com\/s\/wp-json\/wp\/v2\/media\/9031"}],"wp:attachment":[{"href":"https:\/\/www.notaoficial.com\/s\/wp-json\/wp\/v2\/media?parent=9030"}],"wp:term":[{"taxonomy":"category","embeddable":true,"href":"https:\/\/www.notaoficial.com\/s\/wp-json\/wp\/v2\/categories?post=9030"},{"taxonomy":"post_tag","embeddable":true,"href":"https:\/\/www.notaoficial.com\/s\/wp-json\/wp\/v2\/tags?post=9030"}],"curies":[{"name":"wp","href":"https:\/\/api.w.org\/{rel}","templated":true}]}}