{"id":9269,"date":"2020-11-21T06:22:08","date_gmt":"2020-11-21T10:22:08","guid":{"rendered":"https:\/\/www.notaoficial.com\/s\/?p=9269"},"modified":"2020-11-18T06:26:58","modified_gmt":"2020-11-18T10:26:58","slug":"etxale-apio-estrena-nuevo-videoclip-senderos-de-gloria","status":"publish","type":"post","link":"https:\/\/www.notaoficial.com\/s\/2020\/11\/21\/etxale-apio-estrena-nuevo-videoclip-senderos-de-gloria\/","title":{"rendered":"Etxale Apio estrena nuevo videoclip: &#8216;Senderos de Gloria&#8217;"},"content":{"rendered":"<p style=\"text-align: center;\">Por <a href=\"https:\/\/pressroom.es\/daniel-santacruz-cantara-en-la-premiere-del-latin-grammy\/\">Rafael Ciarcia Walo<\/a><\/p>\n<p align=\"justify\"><span style=\"font-size: small;\"><b>&#8216;Senderos de Gloria&#8217;<\/b>, nombre del quinto \u00e1lbum recientemente publicado, es el segundo videoclip de la banda <b>metal-punk<\/b> <b>ETXALE APIO<\/b>. Su grabaci\u00f3n tuvo lugar el mismo d\u00eda que el primero (y el tercero que vendr\u00e1) y en \u00e9l la banda cont\u00f3, una vez m\u00e1s, con <b>Ana Bernal<\/b> para su grabaci\u00f3n y edici\u00f3n. La desolaci\u00f3n de la <b>Sierra Minera<\/b> y el car\u00e1cter guerrero de la banda acompa\u00f1a al tema tratado en la canci\u00f3n: el derecho de <a href=\"https:\/\/www.notaoficial.com\/s\/2020\/11\/20\/dra-nancy-el-nuevo-show-con-la-psicologa-y-sexologa-mas-famosa-del-mercado-hispano\/\">decisi\u00f3n<\/a>.<\/span><\/p>\n<p><iframe loading=\"lazy\" src=\"https:\/\/www.youtube.com\/embed\/RTEmnv5Owws\" width=\"1035\" height=\"582\" frameborder=\"0\" allowfullscreen=\"allowfullscreen\"><\/iframe><\/p>\n<p style=\"text-align: center;\">Por Rafael Ciarcia Walo<\/p>\n","protected":false},"excerpt":{"rendered":"<p>Por Rafael Ciarcia Walo &#8216;Senderos de Gloria&#8217;, nombre del quinto \u00e1lbum recientemente publicado, es el segundo videoclip de la banda metal-punk ETXALE APIO. Su grabaci\u00f3n tuvo lugar el mismo d\u00eda que el primero (y el tercero que vendr\u00e1) y en \u00e9l la banda cont\u00f3, una vez m\u00e1s, con Ana Bernal para su grabaci\u00f3n y edici\u00f3n. [&hellip;]<\/p>\n","protected":false},"author":2,"featured_media":9270,"comment_status":"closed","ping_status":"open","sticky":false,"template":"","format":"standard","meta":[],"categories":[146],"tags":[256,8909,381,8691],"wppr_data":{"cwp_meta_box_check":"No"},"_links":{"self":[{"href":"https:\/\/www.notaoficial.com\/s\/wp-json\/wp\/v2\/posts\/9269"}],"collection":[{"href":"https:\/\/www.notaoficial.com\/s\/wp-json\/wp\/v2\/posts"}],"about":[{"href":"https:\/\/www.notaoficial.com\/s\/wp-json\/wp\/v2\/types\/post"}],"author":[{"embeddable":true,"href":"https:\/\/www.notaoficial.com\/s\/wp-json\/wp\/v2\/users\/2"}],"replies":[{"embeddable":true,"href":"https:\/\/www.notaoficial.com\/s\/wp-json\/wp\/v2\/comments?post=9269"}],"version-history":[{"count":1,"href":"https:\/\/www.notaoficial.com\/s\/wp-json\/wp\/v2\/posts\/9269\/revisions"}],"predecessor-version":[{"id":9271,"href":"https:\/\/www.notaoficial.com\/s\/wp-json\/wp\/v2\/posts\/9269\/revisions\/9271"}],"wp:featuredmedia":[{"embeddable":true,"href":"https:\/\/www.notaoficial.com\/s\/wp-json\/wp\/v2\/media\/9270"}],"wp:attachment":[{"href":"https:\/\/www.notaoficial.com\/s\/wp-json\/wp\/v2\/media?parent=9269"}],"wp:term":[{"taxonomy":"category","embeddable":true,"href":"https:\/\/www.notaoficial.com\/s\/wp-json\/wp\/v2\/categories?post=9269"},{"taxonomy":"post_tag","embeddable":true,"href":"https:\/\/www.notaoficial.com\/s\/wp-json\/wp\/v2\/tags?post=9269"}],"curies":[{"name":"wp","href":"https:\/\/api.w.org\/{rel}","templated":true}]}}