{"id":9302,"date":"2020-11-28T15:24:19","date_gmt":"2020-11-28T19:24:19","guid":{"rendered":"https:\/\/www.notaoficial.com\/s\/?p=9302"},"modified":"2020-11-28T08:29:25","modified_gmt":"2020-11-28T12:29:25","slug":"orquesta-aragon-sobre-su-primer-grammy-latino-todo-tiene-su-momento","status":"publish","type":"post","link":"https:\/\/www.notaoficial.com\/s\/2020\/11\/28\/orquesta-aragon-sobre-su-primer-grammy-latino-todo-tiene-su-momento\/","title":{"rendered":"Orquesta Arag\u00f3n sobre su primer Grammy Latino: \u00abTodo tiene su momento\u00bb"},"content":{"rendered":"<p style=\"text-align: center;\">Por <a href=\"https:\/\/pressroom.es\/el-cancer-no-es-sinonimo-de-muerte\/\">Jon Urruzuno<\/a><\/p>\n<p>Rafael Lay Bravo, director de la Orquesta Arag\u00f3n, calific\u00f3 su primer Grammy Latino de \u00abpremio colectivo para los Aragones de todos los tiempos, para todos los nominados y para Cuba\u00bb.<\/p>\n<p>La orquesta recibi\u00f3 el premio, el pasado 19 de noviembre, en la categor\u00eda <a href=\"https:\/\/michelsuarez.us17.list-manage.com\/track\/click?u=ed4b953a69f2cd18e92677996&amp;id=4625760ad4&amp;e=1bfa3b1820\" target=\"_blank\" rel=\"noopener noreferrer\" data-saferedirecturl=\"https:\/\/www.google.com\/url?q=https:\/\/michelsuarez.us17.list-manage.com\/track\/click?u%3Ded4b953a69f2cd18e92677996%26id%3D4625760ad4%26e%3D1bfa3b1820&amp;source=gmail&amp;ust=1606652361650000&amp;usg=AFQjCNETsciYNgyg5b16SQFX5eH2lFlCCA\">Mejor \u00c1lbum Tropical Tradicional<\/a>.<\/p>\n<p>\u00abHace unos 20 a\u00f1os, estuvimos nominados en dos ocasiones a los Grammy Awards. No salimos victoriosos, pero la Academia nos reconoci\u00f3 el trabajo. Todo tiene su momento, pensamos as\u00ed. Y estamos muy contentos de que ahora nos otorgue este alto reconocimiento en el aniversario 80\u00bb, explic\u00f3 Lay Bravo.<\/p>\n<p>El l\u00edder de Arag\u00f3n est\u00e1 convencido de que ahora \u00abla juventud se impone\u00bb.<\/p>\n<p>\u00abPor esta raz\u00f3n entregamos a <a href=\"https:\/\/michelsuarez.us17.list-manage.com\/track\/click?u=ed4b953a69f2cd18e92677996&amp;id=ef5eaae514&amp;e=1bfa3b1820\" target=\"_blank\" rel=\"noopener noreferrer\" data-saferedirecturl=\"https:\/\/www.google.com\/url?q=https:\/\/michelsuarez.us17.list-manage.com\/track\/click?u%3Ded4b953a69f2cd18e92677996%26id%3Def5eaae514%26e%3D1bfa3b1820&amp;source=gmail&amp;ust=1606652361650000&amp;usg=AFQjCNHZhMrWo0KK6JQaEIiSGXUF0yGdBA\">Puntilla Music<\/a> la responsabilidad de su producci\u00f3n. Sab\u00edamos que quedar\u00eda en buenas manos\u00bb, afirm\u00f3 Lay Bravo.<\/p>\n<p>Por su parte, Claudio Pairot, CEO de <a href=\"https:\/\/michelsuarez.us17.list-manage.com\/track\/click?u=ed4b953a69f2cd18e92677996&amp;id=b3cede5e49&amp;e=1bfa3b1820\" target=\"_blank\" rel=\"noopener noreferrer\" data-saferedirecturl=\"https:\/\/www.google.com\/url?q=https:\/\/michelsuarez.us17.list-manage.com\/track\/click?u%3Ded4b953a69f2cd18e92677996%26id%3Db3cede5e49%26e%3D1bfa3b1820&amp;source=gmail&amp;ust=1606652361651000&amp;usg=AFQjCNHutctxtdhJSCOf2OtbyvQyZH6uFQ\">Puntilla Music<\/a>, se\u00f1al\u00f3 que el disco y premio de Arag\u00f3n \u00abes un primer paso\u00bb en su misi\u00f3n de desarrollar la m\u00fasica cubana a su m\u00e1ximo potencial.<\/p>\n<p>Este es el primer premio Grammy de <a href=\"https:\/\/michelsuarez.us17.list-manage.com\/track\/click?u=ed4b953a69f2cd18e92677996&amp;id=2bb440cc61&amp;e=1bfa3b1820\" target=\"_blank\" rel=\"noopener noreferrer\" data-saferedirecturl=\"https:\/\/www.google.com\/url?q=https:\/\/michelsuarez.us17.list-manage.com\/track\/click?u%3Ded4b953a69f2cd18e92677996%26id%3D2bb440cc61%26e%3D1bfa3b1820&amp;source=gmail&amp;ust=1606652361651000&amp;usg=AFQjCNHX00p9Gb7Z6CAJNxJVG3D5EeknlQ\">Puntilla Music<\/a> como disquera. La compa\u00f1\u00eda trabaja desde Miami con artistas latinos de alto renombre internacional como Marc Anthony, Fonseca y Gente de Zona. En su cat\u00e1logo cuentan con artistas cubanos de la talla de Leoni Torres y Los Van Van, entre otros. Funciona actualmente como sello discogr\u00e1fico y empresa de marketing, adem\u00e1s de ser socios estrat\u00e9gicos de YouTube en Miami.<\/p>\n<p>\u00abSiento una felicidad inmensa y un gran orgullo por nuestra cultura. Gracias a todos los que formaron parte. Gracias a la Orquesta Arag\u00f3n por tanto talento y legado\u00bb, a\u00f1adi\u00f3 Pairot.<\/p>\n<p>De acuerdo con Lay Bravo, el disco \u00abIcono\u00bb surgi\u00f3 \u00abde forma casual\u00bb.<\/p>\n<p>\u00abTen\u00edamos unos compromisos promocionales y quer\u00edamos presentar cuatro temas nuevos. Pero, luego, decidimos no salir del estudio de grabaci\u00f3n y comenzamos a crear el \u00e1lbum por los 80 a\u00f1os de la orquesta\u00bb, explic\u00f3.<\/p>\n<p>El \u00e1lbum \u00abIcono\u00bb pretende reflejar un \u00abajiaco de estilos\u00bb, algo caracter\u00edstico de sus presentaciones en vivo, con g\u00e9neros longevos, pero ritmos actuales.<\/p>\n<p>\u00abEscogimos diversos compositores, y esto nos ayud\u00f3 a salir de la zona de confort musical, impulsando a\u00fan m\u00e1s el objetivo de mostrar diversos estilos bajo el sello sonoro aragonero\u00bb, indic\u00f3 Lay Bravo.<\/p>\n<p><strong>Charanga eterna y m\u00e1quina del tiempo musical<\/strong><\/p>\n<p>Arag\u00f3n interpreta danzones, chachach\u00e1s o sones montunos de los a\u00f1os 50, pero su repertorio <a href=\"https:\/\/www.notaoficial.com\/s\/2020\/11\/24\/jn-music-group-felicita-agrupacion-cnco-por-relanzar-tema-mis-ojos-lloran-por-ti-de-big-boy\/\">tambi\u00e9n<\/a> representa al p\u00fablico actual.<\/p>\n<p>\u00abPor tal motivo, algunos nos acreditan como una m\u00e1quina del tiempo musical\u00bb, se\u00f1al\u00f3 Lay Bravo.<\/p>\n<p>Su hijo, Rafael Lay Jr., continuador de la leyenda familiar, dijo que \u00abel Grammy Latino tambi\u00e9n va dedicado al personal de la salud, que durante este tiempo se ha entregado a\u00fan m\u00e1s a la humanidad\u00bb.<\/p>\n<p>El formato de charanga permanece vigente en la m\u00fasica cubana, al igual que en Colombia y Nueva York. La Orquesta Arag\u00f3n fue fundada por Orestes Arag\u00f3n en Cienfuegos (Cuba), el 30 de septiembre de 1939. Luego Rafael Lay Apeztegu\u00eda y Richard Eg\u00fces desarrollaron una sonoridad \u00fanica y la hicieron brillar en la m\u00fasica latinoamericana.<\/p>\n<p>La Charanga Eterna, como tambi\u00e9n se le conoce, actualmente es dirigida por Rafael Lay Bravo. Ha pisado grandes escenarios y festivales en todo el mundo, como el Madison Square, Carnegie Hall y el Teatro Lincoln Center en Nueva York, el Teatro Olympia de Par\u00eds, el Festival de Jazz de Montreal y el Poliedro de Caracas, entre otros. Ha grabado m\u00e1s de cien discos. La UNESCO la reconoci\u00f3 como Patrimonio Cultural de la Humanidad.<\/p>\n<p style=\"text-align: center;\">Por Jon Urruzuno<\/p>\n","protected":false},"excerpt":{"rendered":"<p>Por Jon Urruzuno Rafael Lay Bravo, director de la Orquesta Arag\u00f3n, calific\u00f3 su primer Grammy Latino de \u00abpremio colectivo para los Aragones de todos los tiempos, para todos los nominados y para Cuba\u00bb. La orquesta recibi\u00f3 el premio, el pasado 19 de noviembre, en la categor\u00eda Mejor \u00c1lbum Tropical Tradicional. \u00abHace unos 20 a\u00f1os, estuvimos [&hellip;]<\/p>\n","protected":false},"author":2,"featured_media":9303,"comment_status":"closed","ping_status":"open","sticky":false,"template":"","format":"standard","meta":[],"categories":[146],"tags":[9163,381,9264],"wppr_data":{"cwp_meta_box_check":"No"},"_links":{"self":[{"href":"https:\/\/www.notaoficial.com\/s\/wp-json\/wp\/v2\/posts\/9302"}],"collection":[{"href":"https:\/\/www.notaoficial.com\/s\/wp-json\/wp\/v2\/posts"}],"about":[{"href":"https:\/\/www.notaoficial.com\/s\/wp-json\/wp\/v2\/types\/post"}],"author":[{"embeddable":true,"href":"https:\/\/www.notaoficial.com\/s\/wp-json\/wp\/v2\/users\/2"}],"replies":[{"embeddable":true,"href":"https:\/\/www.notaoficial.com\/s\/wp-json\/wp\/v2\/comments?post=9302"}],"version-history":[{"count":1,"href":"https:\/\/www.notaoficial.com\/s\/wp-json\/wp\/v2\/posts\/9302\/revisions"}],"predecessor-version":[{"id":9304,"href":"https:\/\/www.notaoficial.com\/s\/wp-json\/wp\/v2\/posts\/9302\/revisions\/9304"}],"wp:featuredmedia":[{"embeddable":true,"href":"https:\/\/www.notaoficial.com\/s\/wp-json\/wp\/v2\/media\/9303"}],"wp:attachment":[{"href":"https:\/\/www.notaoficial.com\/s\/wp-json\/wp\/v2\/media?parent=9302"}],"wp:term":[{"taxonomy":"category","embeddable":true,"href":"https:\/\/www.notaoficial.com\/s\/wp-json\/wp\/v2\/categories?post=9302"},{"taxonomy":"post_tag","embeddable":true,"href":"https:\/\/www.notaoficial.com\/s\/wp-json\/wp\/v2\/tags?post=9302"}],"curies":[{"name":"wp","href":"https:\/\/api.w.org\/{rel}","templated":true}]}}