{"id":9312,"date":"2020-12-01T09:11:02","date_gmt":"2020-12-01T13:11:02","guid":{"rendered":"https:\/\/www.notaoficial.com\/s\/?p=9312"},"modified":"2020-11-28T09:13:46","modified_gmt":"2020-11-28T13:13:46","slug":"si-no-ha-cambiado-nada-lo-nuevo-de-jorge-almir","status":"publish","type":"post","link":"https:\/\/www.notaoficial.com\/s\/2020\/12\/01\/si-no-ha-cambiado-nada-lo-nuevo-de-jorge-almir\/","title":{"rendered":"\u00abSi No Ha Cambiado Nada\u00bb lo nuevo de Jorge Almir"},"content":{"rendered":"<p>Por Ivan Alfonzo Rodriguez Sandoval<\/p>\n<p align=\"justify\"><strong>Jorge Almir<\/strong>, el joven artista origen mexicano, presenta su sencillo \u00ab<a href=\"https:\/\/sable.madmimi.com\/c\/28511?id=18149379.20981.1.ba6ff1f715fdc395bb3874dbd48a7d15\" target=\"_blank\" rel=\"noopener noreferrer\" data-saferedirecturl=\"https:\/\/www.google.com\/url?q=https:\/\/sable.madmimi.com\/c\/28511?id%3D18149379.20981.1.ba6ff1f715fdc395bb3874dbd48a7d15&amp;source=gmail&amp;ust=1606653681639000&amp;usg=AFQjCNGOXXJX-8SrFydfPTZvdZbY79tR5Q\">Si No Ha Cambiado Nada<\/a>\u00bb a ritmo de mariachi rom\u00e1ntico, estilo que lo ha llevado a ganarse un importante espacio dentro del g\u00e9nero musical.<\/p>\n<p align=\"justify\">\u00abEn poco tiempo he sentido el cari\u00f1o, emoci\u00f3n y mucho amor de parte de los fans que han conectado con mis canciones\u00bb expres\u00f3 el cantante de 24 a\u00f1os y que cuenta con el respaldo del sello Valdivia Records.<\/p>\n<p align=\"justify\">El artista lanza este sencillo, luego del exitoso tema \u00ab<a href=\"https:\/\/sable.madmimi.com\/c\/28511?id=18149379.20982.1.859e01b28ff50159e657330091e150c9\" target=\"_blank\" rel=\"noopener noreferrer\" data-saferedirecturl=\"https:\/\/www.google.com\/url?q=https:\/\/sable.madmimi.com\/c\/28511?id%3D18149379.20982.1.859e01b28ff50159e657330091e150c9&amp;source=gmail&amp;ust=1606653681639000&amp;usg=AFQjCNFLQEmKn_XLf_kAQf0EOSLUmgT6qQ\">Elefantes Rosas<\/a>\u00bb que alcanz\u00f3 importantes n\u00fameros en las plataformas digitales gracias a su estilo de <a href=\"https:\/\/www.notaoficial.com\/s\/2020\/11\/30\/el-90-de-los-casos-de-obesidad-se-combaten-con-ejercicios-y-alimentacion-balanceada\/\">mariachi<\/a> urbano con toques verdes.<\/p>\n<div>\n<p align=\"justify\"><strong>Sobre Jorge Almir<\/strong><br \/>\nAcordeonista de grupo, pero cantante en secreto, Jorge Almir se anim\u00f3 a sus 16 a\u00f1os a publicar un v\u00eddeo en YouTube, de manera improvisada, cantando con su acorde\u00f3n desde un ba\u00f1o la canci\u00f3n \u201cEl Centenario\u201d de <strong>Los Tucanes<\/strong> y aunque no alcanz\u00f3 muchas vistas, le sirvi\u00f3 para que la compa\u00f1\u00eda Valdivia Records se fijara en \u00e9l y quisiera ayudarle a impulsar su carrera.<\/p>\n<p align=\"justify\">Poco despu\u00e9s de la firma con Valdivia, Jorge Almir fue creciendo como artista y su nombre se empieza a conocer, las redes sociales hicieron lo suyo, se hizo popular gracias a sus canciones y publicaciones que d\u00eda a d\u00eda iban ganando m\u00e1s seguidores con temas como \u201cTe voy a conquistar\u201d, convirti\u00e9ndose en un \u00e9xito en medio de las jovencitas que asist\u00edan a sus primeras presentaciones como solista, movimiento en auge que indicaba que las cosas se estaban haciendo bien, el mensaje estaba llegando a la comunidad latina y hab\u00eda mucho talento para compartir.<\/p>\n<p align=\"justify\">Siendo un artista inquieto y con ganas de compartir su m\u00fasica, Jorge Almir, empez\u00f3 a subir covers a las redes sociales, letras de su autor\u00eda algunas y otras canciones que vienen de grandes compositores, quienes participan de sus \u00faltimos trabajos musicales.<\/p>\n<p align=\"justify\">Jorge Almir ya ha grabado canciones con <strong>Omar Ruiz<\/strong>, quien inicio casi en el mismo tiempo como compositor, forjando una carrera independiente a Jorge, pero con un lazo de amistad que les ha ayudado a cautivar cada vez m\u00e1s seguidores. Y es precisamente de su amigo compositor de quien recibe la letra de una de las canciones m\u00e1s reconocidas hasta el momento de Almir, \u201cLa troca roja\u201d sencillo que ha acumulado m\u00e1s de un mill\u00f3n de vistas en YouTube, catalog\u00e1ndose este como el primer \u00e9xito de su carrera.<\/p>\n<p align=\"justify\">Hoy por hoy, Jorge Almir ya cuenta en su repertorio con canciones dedicadas al amor, a situaciones y a momentos que han marcado su vida y carrera; tambi\u00e9n ha recibido la confianza de Lalo Ayala, gran compositor de agrupaciones como \u201cCalibre 50\u201d quien le confi\u00f3 la letra de \u201cLeche y chocolate\u201d, todas estas canciones y muchas m\u00e1s sin mencionar, le han abierto las puertas para compartir tarima con artistas internacionales y de gran trayectoria como la <strong>Banda el Recodo, El Recodito, Calibre 50, Luis Coronel<\/strong> y muchos m\u00e1s de gran reconocimiento.<\/p>\n<p align=\"justify\">Es claro el agradecimiento que tiene Jorge Almir a Kiko Valdivia y su compa\u00f1\u00eda, tambi\u00e9n a sus amigos y allegados, a su vez el eterno agradecimiento para con su familia, de quienes ha sentido y recibido todo el apoyo, creyendo en \u00e9l, en su talento, donde a\u00f1os m\u00e1s tarde se empieza a recibir sus frutos.<\/p>\n<p align=\"justify\">Despu\u00e9s de todo este recorrido, corta pero enriquecedora historia, Jorge Almir en el 2018 hace doble lanzamiento musical, con su corrido \u2018Viviendo el momento\u201d en la Uni\u00f3n Americana y en el pa\u00eds de sus ra\u00edces M\u00e9xico, hace el lanzamiento de su sencillo \u201cPiensas en mi\u201d de la autor\u00eda de <strong>Arturo Leyva<\/strong> y <strong>Luciano Luna<\/strong>.<\/p>\n<p align=\"justify\"><strong>Sobre Valdivia Records<\/strong><br \/>\nEs un sello que fue creado para romper esquemas, participando en la recuperaci\u00f3n del g\u00e9nero mariachi; y aunque se puede decir que el mariachi es tradicional, Valdivia Records inici\u00f3 como compa\u00f1\u00eda con un artista \u201cmariachi urbano\u201d con canciones \u201cverdes\u201d, respetando el g\u00e9nero pero marcando una diferencia en medio de la gran industria convencional y de gran trayectoria.<\/p>\n<\/div>\n<p>Por <a href=\"https:\/\/pressroom.es\/daniel-santacruz-gana-latin-grammy-con-larimar\/\">Ivan Alfonzo Rodriguez Sandoval<\/a><\/p>\n","protected":false},"excerpt":{"rendered":"<p>Por Ivan Alfonzo Rodriguez Sandoval Jorge Almir, el joven artista origen mexicano, presenta su sencillo \u00abSi No Ha Cambiado Nada\u00bb a ritmo de mariachi rom\u00e1ntico, estilo que lo ha llevado a ganarse un importante espacio dentro del g\u00e9nero musical. \u00abEn poco tiempo he sentido el cari\u00f1o, emoci\u00f3n y mucho amor de parte de los fans [&hellip;]<\/p>\n","protected":false},"author":2,"featured_media":9313,"comment_status":"closed","ping_status":"open","sticky":false,"template":"","format":"standard","meta":[],"categories":[146],"tags":[1795],"wppr_data":{"cwp_meta_box_check":"No"},"_links":{"self":[{"href":"https:\/\/www.notaoficial.com\/s\/wp-json\/wp\/v2\/posts\/9312"}],"collection":[{"href":"https:\/\/www.notaoficial.com\/s\/wp-json\/wp\/v2\/posts"}],"about":[{"href":"https:\/\/www.notaoficial.com\/s\/wp-json\/wp\/v2\/types\/post"}],"author":[{"embeddable":true,"href":"https:\/\/www.notaoficial.com\/s\/wp-json\/wp\/v2\/users\/2"}],"replies":[{"embeddable":true,"href":"https:\/\/www.notaoficial.com\/s\/wp-json\/wp\/v2\/comments?post=9312"}],"version-history":[{"count":1,"href":"https:\/\/www.notaoficial.com\/s\/wp-json\/wp\/v2\/posts\/9312\/revisions"}],"predecessor-version":[{"id":9314,"href":"https:\/\/www.notaoficial.com\/s\/wp-json\/wp\/v2\/posts\/9312\/revisions\/9314"}],"wp:featuredmedia":[{"embeddable":true,"href":"https:\/\/www.notaoficial.com\/s\/wp-json\/wp\/v2\/media\/9313"}],"wp:attachment":[{"href":"https:\/\/www.notaoficial.com\/s\/wp-json\/wp\/v2\/media?parent=9312"}],"wp:term":[{"taxonomy":"category","embeddable":true,"href":"https:\/\/www.notaoficial.com\/s\/wp-json\/wp\/v2\/categories?post=9312"},{"taxonomy":"post_tag","embeddable":true,"href":"https:\/\/www.notaoficial.com\/s\/wp-json\/wp\/v2\/tags?post=9312"}],"curies":[{"name":"wp","href":"https:\/\/api.w.org\/{rel}","templated":true}]}}